{"id":129588,"date":"2020-10-15T15:05:00","date_gmt":"2020-10-15T13:05:00","guid":{"rendered":"https:\/\/www.espigul.com\/tout-ce-que-vous-devez-savoir-sur-la-nouvelle-loi-sur-les-locations\/"},"modified":"2020-10-15T15:05:00","modified_gmt":"2020-10-15T13:05:00","slug":"tout-ce-que-vous-devez-savoir-sur-la-nouvelle-loi-sur-les-locations","status":"publish","type":"post","link":"https:\/\/www.espigul.com\/fr\/tout-ce-que-vous-devez-savoir-sur-la-nouvelle-loi-sur-les-locations\/","title":{"rendered":"Tout ce que vous devez savoir sur la nouvelle loi sur les locations"},"content":{"rendered":"<p><b>Comment puis-je savoir si la loi me concerne ?<\/b><\/p>\n<p><\/p>\n<p>Cette nouvelle loi 11\/2020 s&rsquo;applique aux nouveaux contrats de location de r\u00e9sidence permanente, c&rsquo;est-\u00e0-dire que les locations touristiques seraient exclues. Sont exclus les contrats de location ant\u00e9rieurs au 1er janvier 1995, ainsi que les contrats de logement qui ont d\u00e9j\u00e0 un r\u00e9gime sp\u00e9cifique, tels que les logements sociaux, les locations sociales, etc. <\/p>\n<p><\/p>\n<p>Le logement doit \u00eatre situ\u00e9 dans une zone d\u00e9clar\u00e9e comme zone de logement tendue. Cette zone comprend les municipalit\u00e9s suivantes : <\/p>\n<p><\/p>\n<p>Badalona, Barber\u00e0 del Vall\u00e8s, Barcelona, Blanes, Calafell, Castellar del Vall\u00e8s, Castelldefels, Cerdanyola del Vall\u00e8s, Cornell\u00e0 de Llobregat, Esplugues de Llobregat, Figueres, Gav\u00e0, Girona, Granollers, l\u2019Hospitalet de Llobregat, Igualada, Lleida, Manlleu, Manresa, Martorell, El Masnou, Matar\u00f3, Molins de Rei, Montcada i Reixac, Montgat, Olesa de Montserrat, Olot, Palafrugell, Pallej\u00e0, Pineda, El Prat de Llobregat, Premi\u00e0 de Mar, Reus, Ripollet, Rub\u00ed, Sabadell, Salou, Salt, Sant Adri\u00e0 de Bes\u00f2s, Sant Andreu de la Barca, Sant Boi de Llobregat, Sant Cugat, Sant Feliu de Gu\u00edxols, Sant Feliu de Llobregat, Sant Joan Desp\u00ed, Sant Just Desvern, Sant Pere de Ribes, Sant Vicen\u00e7 dels Horts, Santa Coloma de Gramenet, Santa Perp\u00e8tua de la Mogoda, Sitges, Tarragona, Terrassa, Tortosa, El Vendrell, Vic, Viladecans, Vilafranca del Pened\u00e8s, Vilanova i la Geltr\u00fa et Vilassar de Mar.<\/p>\n<p><\/p>\n<p><b>Quel prix dois-je payer pour la location ?<\/b><\/p>\n<p>Si le prix du contrat pr\u00e9c\u00e9dent \u00e9tait inf\u00e9rieur \u00e0 l&rsquo;indice de r\u00e9f\u00e9rence, le loyer du nouveau contrat ne pourra pas d\u00e9passer le prix convenu dans le dernier contrat.<\/p>\n<p>Si le prix pr\u00e9c\u00e9dent \u00e9tait sup\u00e9rieur \u00e0 l&rsquo;indice de r\u00e9f\u00e9rence, avec le nouveau contrat, le prix doit baisser au moins jusqu&rsquo;\u00e0 la valeur de l&rsquo;indice.<\/p>\n<p>Ces prix maximums sont maintenus m\u00eame en cas de changement de locataires dans le logement.<\/p>\n<p><\/p>\n<p>Pour conna\u00eetre l&rsquo;indice de r\u00e9f\u00e9rence des prix de location des logements, vous pouvez le consulter ici. Ce prix est calcul\u00e9 en faisant un prix moyen des logements similaires dans un rayon d\u00e9termin\u00e9 de la zone. L&rsquo;indice est calcul\u00e9 en fonction des m\u00e8tres carr\u00e9s utiles du logement et il faut toujours tenir compte de la valeur ajout\u00e9e de la partie rouge.  &nbsp;&nbsp;<\/p>\n<p><\/p>\n<p><b>Exceptions \u00e0 la nouvelle loi sur les locations \u00e0 prendre en compte<\/b><\/p>\n<p>Dans le cas o\u00f9 le logement r\u00e9unit au moins trois caract\u00e9ristiques telles que :<\/p>\n<p><\/p>\n<ul>\n<li>Avoir un ascenseur<\/li>\n<li>Avoir un parking<\/li>\n<li>Avoir des meubles<\/li>\n<li>Avoir le chauffage ou la climatisation<\/li>\n<li>Avoir une piscine communautaire ou des \u00e9quipements similaires tels qu&rsquo;une terrasse, un jardin, une conciergerie ou des vues sp\u00e9ciales<\/li>\n<\/ul>\n<p><\/p>\n<p>Dans ces cas, il peut y avoir une augmentation de 5 % par rapport \u00e0 l&rsquo;indice du logement. Ces caract\u00e9ristiques devront \u00eatre accr\u00e9dit\u00e9es et figurer dans le contrat. <\/p>\n<p><\/p>\n<p><b>La nouvelle loi si vous avez d\u00e9j\u00e0 un contrat de location<\/b><\/p>\n<p>Si vous avez d\u00e9j\u00e0 un contrat de location, pendant sa dur\u00e9e de validit\u00e9, il ne pourra \u00eatre mis \u00e0 jour que si cela est pr\u00e9vu dans le contrat.<\/p>\n<p><\/p>\n<p>Si vous avez un contrat de longue dur\u00e9e, vous pouvez n\u00e9gocier un nouveau contrat qui inclut cette r\u00e9duction du loyer, car si vous quittez l&rsquo;appartement, le prix devrait baisser de la m\u00eame mani\u00e8re.<\/p>\n<p><\/p>\n<p>Chez Inmobiliaria Esp\u00edgul, nous veillons toujours \u00e0 ce que les deux parties \u00e0 un contrat de location soient d&rsquo;accord et obtiennent le plus grand b\u00e9n\u00e9fice pour les deux parties. Que vous soyez bailleur ou que vous cherchiez un appartement \u00e0 louer, nous vous accompagnons dans tout le processus pour que vous trouviez le logement qui s&rsquo;adapte \u00e0 vos besoins et que vous n&rsquo;ayez \u00e0 vous occuper de rien. <\/p>\n<p><\/p>\n<p>Si vous envisagez de louer un appartement et que vous avez des doutes sur la nouvelle loi de r\u00e9gulation des locations ou sur la mani\u00e8re dont elle peut affecter votre contrat de location, contactez-nous \u00e0 hola@espigul.com ou vous pouvez nous appeler au 972 220 110<\/p>\n<p><\/p>\n","protected":false},"excerpt":{"rendered":"<p>Comment puis-je savoir si la loi me concerne ? Cette nouvelle loi 11\/2020 s&rsquo;applique aux nouveaux contrats de location de r\u00e9sidence permanente, c&rsquo;est-\u00e0-dire que les locations touristiques seraient exclues. Sont exclus les contrats de location ant\u00e9rieurs au 1er janvier 1995, ainsi que les contrats de logement qui ont d\u00e9j\u00e0 un r\u00e9gime sp\u00e9cifique, tels que les&#8230;<\/p>\n","protected":false},"author":1,"featured_media":129589,"comment_status":"open","ping_status":"open","sticky":false,"template":"","format":"standard","meta":{"_acf_changed":false,"_uag_custom_page_level_css":"","footnotes":""},"categories":[287],"tags":[],"class_list":["post-129588","post","type-post","status-publish","format-standard","has-post-thumbnail","hentry","category-non-categorise"],"acf":[],"yoast_head":"<!-- This site is optimized with the Yoast SEO plugin v27.4 - https:\/\/yoast.com\/product\/yoast-seo-wordpress\/ -->\n<title>Tout ce que vous devez savoir sur la nouvelle loi sur les locations - Esp\u00edgul<\/title>\n<meta name=\"description\" content=\"Comment puis-je savoir si la loi me concerne ?Cette nouvelle loi 11\/2020 s&#039;applique aux nouveaux contrats de location de r\u00e9sidence permanente,\" \/>\n<meta name=\"robots\" content=\"index, follow, max-snippet:-1, max-image-preview:large, max-video-preview:-1\" \/>\n<link rel=\"canonical\" href=\"https:\/\/www.espigul.com\/fr\/tout-ce-que-vous-devez-savoir-sur-la-nouvelle-loi-sur-les-locations\/\" \/>\n<meta property=\"og:locale\" content=\"fr_FR\" \/>\n<meta property=\"og:type\" content=\"article\" \/>\n<meta property=\"og:title\" content=\"Tout ce que vous devez savoir sur la nouvelle loi sur les locations - Esp\u00edgul\" \/>\n<meta property=\"og:description\" content=\"Comment puis-je savoir si la loi me concerne ?Cette nouvelle loi 11\/2020 s&#039;applique aux nouveaux contrats de location de r\u00e9sidence permanente,\" \/>\n<meta property=\"og:url\" content=\"https:\/\/www.espigul.com\/fr\/tout-ce-que-vous-devez-savoir-sur-la-nouvelle-loi-sur-les-locations\/\" \/>\n<meta property=\"og:site_name\" content=\"Esp\u00edgul\" \/>\n<meta property=\"article:published_time\" content=\"2020-10-15T13:05:00+00:00\" \/>\n<meta name=\"author\" content=\"Pol\" \/>\n<meta name=\"twitter:card\" content=\"summary_large_image\" \/>\n<meta name=\"twitter:label1\" content=\"\u00c9crit par\" \/>\n\t<meta name=\"twitter:data1\" content=\"Pol\" \/>\n\t<meta name=\"twitter:label2\" content=\"Dur\u00e9e de lecture estim\u00e9e\" \/>\n\t<meta name=\"twitter:data2\" content=\"3 minutes\" \/>\n<script type=\"application\/ld+json\" class=\"yoast-schema-graph\">{\"@context\":\"https:\\\/\\\/schema.org\",\"@graph\":[{\"@type\":\"Article\",\"@id\":\"https:\\\/\\\/www.espigul.com\\\/fr\\\/tout-ce-que-vous-devez-savoir-sur-la-nouvelle-loi-sur-les-locations\\\/#article\",\"isPartOf\":{\"@id\":\"https:\\\/\\\/www.espigul.com\\\/fr\\\/tout-ce-que-vous-devez-savoir-sur-la-nouvelle-loi-sur-les-locations\\\/\"},\"author\":{\"name\":\"Pol\",\"@id\":\"https:\\\/\\\/www.espigul.com\\\/fr\\\/#\\\/schema\\\/person\\\/36a58e369cbd830f5585fdf230951201\"},\"headline\":\"Tout ce que vous devez savoir sur la nouvelle loi sur les locations\",\"datePublished\":\"2020-10-15T13:05:00+00:00\",\"mainEntityOfPage\":{\"@id\":\"https:\\\/\\\/www.espigul.com\\\/fr\\\/tout-ce-que-vous-devez-savoir-sur-la-nouvelle-loi-sur-les-locations\\\/\"},\"wordCount\":681,\"commentCount\":0,\"publisher\":{\"@id\":\"https:\\\/\\\/www.espigul.com\\\/fr\\\/#organization\"},\"image\":{\"@id\":\"https:\\\/\\\/www.espigul.com\\\/fr\\\/tout-ce-que-vous-devez-savoir-sur-la-nouvelle-loi-sur-les-locations\\\/#primaryimage\"},\"thumbnailUrl\":\"https:\\\/\\\/www.espigul.com\\\/wp-content\\\/uploads\\\/2023\\\/06\\\/926.jpg\",\"articleSection\":[\"Non cat\u00e9goris\u00e9\"],\"inLanguage\":\"fr-FR\",\"potentialAction\":[{\"@type\":\"CommentAction\",\"name\":\"Comment\",\"target\":[\"https:\\\/\\\/www.espigul.com\\\/fr\\\/tout-ce-que-vous-devez-savoir-sur-la-nouvelle-loi-sur-les-locations\\\/#respond\"]}]},{\"@type\":\"WebPage\",\"@id\":\"https:\\\/\\\/www.espigul.com\\\/fr\\\/tout-ce-que-vous-devez-savoir-sur-la-nouvelle-loi-sur-les-locations\\\/\",\"url\":\"https:\\\/\\\/www.espigul.com\\\/fr\\\/tout-ce-que-vous-devez-savoir-sur-la-nouvelle-loi-sur-les-locations\\\/\",\"name\":\"Tout ce que vous devez savoir sur la nouvelle loi sur les locations - Esp\u00edgul\",\"isPartOf\":{\"@id\":\"https:\\\/\\\/www.espigul.com\\\/fr\\\/#website\"},\"primaryImageOfPage\":{\"@id\":\"https:\\\/\\\/www.espigul.com\\\/fr\\\/tout-ce-que-vous-devez-savoir-sur-la-nouvelle-loi-sur-les-locations\\\/#primaryimage\"},\"image\":{\"@id\":\"https:\\\/\\\/www.espigul.com\\\/fr\\\/tout-ce-que-vous-devez-savoir-sur-la-nouvelle-loi-sur-les-locations\\\/#primaryimage\"},\"thumbnailUrl\":\"https:\\\/\\\/www.espigul.com\\\/wp-content\\\/uploads\\\/2023\\\/06\\\/926.jpg\",\"datePublished\":\"2020-10-15T13:05:00+00:00\",\"description\":\"Comment puis-je savoir si la loi me concerne ?Cette nouvelle loi 11\\\/2020 s'applique aux nouveaux contrats de location de r\u00e9sidence permanente,\",\"breadcrumb\":{\"@id\":\"https:\\\/\\\/www.espigul.com\\\/fr\\\/tout-ce-que-vous-devez-savoir-sur-la-nouvelle-loi-sur-les-locations\\\/#breadcrumb\"},\"inLanguage\":\"fr-FR\",\"potentialAction\":[{\"@type\":\"ReadAction\",\"target\":[\"https:\\\/\\\/www.espigul.com\\\/fr\\\/tout-ce-que-vous-devez-savoir-sur-la-nouvelle-loi-sur-les-locations\\\/\"]}]},{\"@type\":\"ImageObject\",\"inLanguage\":\"fr-FR\",\"@id\":\"https:\\\/\\\/www.espigul.com\\\/fr\\\/tout-ce-que-vous-devez-savoir-sur-la-nouvelle-loi-sur-les-locations\\\/#primaryimage\",\"url\":\"https:\\\/\\\/www.espigul.com\\\/wp-content\\\/uploads\\\/2023\\\/06\\\/926.jpg\",\"contentUrl\":\"https:\\\/\\\/www.espigul.com\\\/wp-content\\\/uploads\\\/2023\\\/06\\\/926.jpg\",\"width\":840,\"height\":472},{\"@type\":\"BreadcrumbList\",\"@id\":\"https:\\\/\\\/www.espigul.com\\\/fr\\\/tout-ce-que-vous-devez-savoir-sur-la-nouvelle-loi-sur-les-locations\\\/#breadcrumb\",\"itemListElement\":[{\"@type\":\"ListItem\",\"position\":1,\"name\":\"Inici\",\"item\":\"https:\\\/\\\/www.espigul.com\\\/fr\\\/\"},{\"@type\":\"ListItem\",\"position\":2,\"name\":\"Tout ce que vous devez savoir sur la nouvelle loi sur les locations\"}]},{\"@type\":\"WebSite\",\"@id\":\"https:\\\/\\\/www.espigul.com\\\/fr\\\/#website\",\"url\":\"https:\\\/\\\/www.espigul.com\\\/fr\\\/\",\"name\":\"Esp\u00edgul\",\"description\":\"La immobili\u00e0ria l\u00edder de Girona\",\"publisher\":{\"@id\":\"https:\\\/\\\/www.espigul.com\\\/fr\\\/#organization\"},\"potentialAction\":[{\"@type\":\"SearchAction\",\"target\":{\"@type\":\"EntryPoint\",\"urlTemplate\":\"https:\\\/\\\/www.espigul.com\\\/fr\\\/?s={search_term_string}\"},\"query-input\":{\"@type\":\"PropertyValueSpecification\",\"valueRequired\":true,\"valueName\":\"search_term_string\"}}],\"inLanguage\":\"fr-FR\"},{\"@type\":\"Organization\",\"@id\":\"https:\\\/\\\/www.espigul.com\\\/fr\\\/#organization\",\"name\":\"Esp\u00edgul\",\"url\":\"https:\\\/\\\/www.espigul.com\\\/fr\\\/\",\"logo\":{\"@type\":\"ImageObject\",\"inLanguage\":\"fr-FR\",\"@id\":\"https:\\\/\\\/www.espigul.com\\\/fr\\\/#\\\/schema\\\/logo\\\/image\\\/\",\"url\":\"https:\\\/\\\/www.espigul.com\\\/wp-content\\\/uploads\\\/2023\\\/08\\\/espigul-block.png\",\"contentUrl\":\"https:\\\/\\\/www.espigul.com\\\/wp-content\\\/uploads\\\/2023\\\/08\\\/espigul-block.png\",\"width\":384,\"height\":240,\"caption\":\"Esp\u00edgul\"},\"image\":{\"@id\":\"https:\\\/\\\/www.espigul.com\\\/fr\\\/#\\\/schema\\\/logo\\\/image\\\/\"},\"sameAs\":[\"https:\\\/\\\/www.instagram.com\\\/immoespigul\\\/\",\"https:\\\/\\\/www.youtube.com\\\/channel\\\/UCYyD-WWfbCFpCXau4SQOGKQ\"]},{\"@type\":\"Person\",\"@id\":\"https:\\\/\\\/www.espigul.com\\\/fr\\\/#\\\/schema\\\/person\\\/36a58e369cbd830f5585fdf230951201\",\"name\":\"Pol\",\"image\":{\"@type\":\"ImageObject\",\"inLanguage\":\"fr-FR\",\"@id\":\"https:\\\/\\\/secure.gravatar.com\\\/avatar\\\/89add7bbf684b4a62e9dcc9ea3065fae26b3041c1485dd5dce8f6e9fbba39057?s=96&d=mm&r=g\",\"url\":\"https:\\\/\\\/secure.gravatar.com\\\/avatar\\\/89add7bbf684b4a62e9dcc9ea3065fae26b3041c1485dd5dce8f6e9fbba39057?s=96&d=mm&r=g\",\"contentUrl\":\"https:\\\/\\\/secure.gravatar.com\\\/avatar\\\/89add7bbf684b4a62e9dcc9ea3065fae26b3041c1485dd5dce8f6e9fbba39057?s=96&d=mm&r=g\",\"caption\":\"Pol\"},\"sameAs\":[\"https:\\\/\\\/www.espigul.com\\\/\"]}]}<\/script>\n<!-- \/ Yoast SEO plugin. -->","yoast_head_json":{"title":"Tout ce que vous devez savoir sur la nouvelle loi sur les locations - Esp\u00edgul","description":"Comment puis-je savoir si la loi me concerne ?Cette nouvelle loi 11\/2020 s'applique aux nouveaux contrats de location de r\u00e9sidence permanente,","robots":{"index":"index","follow":"follow","max-snippet":"max-snippet:-1","max-image-preview":"max-image-preview:large","max-video-preview":"max-video-preview:-1"},"canonical":"https:\/\/www.espigul.com\/fr\/tout-ce-que-vous-devez-savoir-sur-la-nouvelle-loi-sur-les-locations\/","og_locale":"fr_FR","og_type":"article","og_title":"Tout ce que vous devez savoir sur la nouvelle loi sur les locations - Esp\u00edgul","og_description":"Comment puis-je savoir si la loi me concerne ?Cette nouvelle loi 11\/2020 s'applique aux nouveaux contrats de location de r\u00e9sidence permanente,","og_url":"https:\/\/www.espigul.com\/fr\/tout-ce-que-vous-devez-savoir-sur-la-nouvelle-loi-sur-les-locations\/","og_site_name":"Esp\u00edgul","article_published_time":"2020-10-15T13:05:00+00:00","author":"Pol","twitter_card":"summary_large_image","twitter_misc":{"\u00c9crit par":"Pol","Dur\u00e9e de lecture estim\u00e9e":"3 minutes"},"schema":{"@context":"https:\/\/schema.org","@graph":[{"@type":"Article","@id":"https:\/\/www.espigul.com\/fr\/tout-ce-que-vous-devez-savoir-sur-la-nouvelle-loi-sur-les-locations\/#article","isPartOf":{"@id":"https:\/\/www.espigul.com\/fr\/tout-ce-que-vous-devez-savoir-sur-la-nouvelle-loi-sur-les-locations\/"},"author":{"name":"Pol","@id":"https:\/\/www.espigul.com\/fr\/#\/schema\/person\/36a58e369cbd830f5585fdf230951201"},"headline":"Tout ce que vous devez savoir sur la nouvelle loi sur les locations","datePublished":"2020-10-15T13:05:00+00:00","mainEntityOfPage":{"@id":"https:\/\/www.espigul.com\/fr\/tout-ce-que-vous-devez-savoir-sur-la-nouvelle-loi-sur-les-locations\/"},"wordCount":681,"commentCount":0,"publisher":{"@id":"https:\/\/www.espigul.com\/fr\/#organization"},"image":{"@id":"https:\/\/www.espigul.com\/fr\/tout-ce-que-vous-devez-savoir-sur-la-nouvelle-loi-sur-les-locations\/#primaryimage"},"thumbnailUrl":"https:\/\/www.espigul.com\/wp-content\/uploads\/2023\/06\/926.jpg","articleSection":["Non cat\u00e9goris\u00e9"],"inLanguage":"fr-FR","potentialAction":[{"@type":"CommentAction","name":"Comment","target":["https:\/\/www.espigul.com\/fr\/tout-ce-que-vous-devez-savoir-sur-la-nouvelle-loi-sur-les-locations\/#respond"]}]},{"@type":"WebPage","@id":"https:\/\/www.espigul.com\/fr\/tout-ce-que-vous-devez-savoir-sur-la-nouvelle-loi-sur-les-locations\/","url":"https:\/\/www.espigul.com\/fr\/tout-ce-que-vous-devez-savoir-sur-la-nouvelle-loi-sur-les-locations\/","name":"Tout ce que vous devez savoir sur la nouvelle loi sur les locations - Esp\u00edgul","isPartOf":{"@id":"https:\/\/www.espigul.com\/fr\/#website"},"primaryImageOfPage":{"@id":"https:\/\/www.espigul.com\/fr\/tout-ce-que-vous-devez-savoir-sur-la-nouvelle-loi-sur-les-locations\/#primaryimage"},"image":{"@id":"https:\/\/www.espigul.com\/fr\/tout-ce-que-vous-devez-savoir-sur-la-nouvelle-loi-sur-les-locations\/#primaryimage"},"thumbnailUrl":"https:\/\/www.espigul.com\/wp-content\/uploads\/2023\/06\/926.jpg","datePublished":"2020-10-15T13:05:00+00:00","description":"Comment puis-je savoir si la loi me concerne ?Cette nouvelle loi 11\/2020 s'applique aux nouveaux contrats de location de r\u00e9sidence permanente,","breadcrumb":{"@id":"https:\/\/www.espigul.com\/fr\/tout-ce-que-vous-devez-savoir-sur-la-nouvelle-loi-sur-les-locations\/#breadcrumb"},"inLanguage":"fr-FR","potentialAction":[{"@type":"ReadAction","target":["https:\/\/www.espigul.com\/fr\/tout-ce-que-vous-devez-savoir-sur-la-nouvelle-loi-sur-les-locations\/"]}]},{"@type":"ImageObject","inLanguage":"fr-FR","@id":"https:\/\/www.espigul.com\/fr\/tout-ce-que-vous-devez-savoir-sur-la-nouvelle-loi-sur-les-locations\/#primaryimage","url":"https:\/\/www.espigul.com\/wp-content\/uploads\/2023\/06\/926.jpg","contentUrl":"https:\/\/www.espigul.com\/wp-content\/uploads\/2023\/06\/926.jpg","width":840,"height":472},{"@type":"BreadcrumbList","@id":"https:\/\/www.espigul.com\/fr\/tout-ce-que-vous-devez-savoir-sur-la-nouvelle-loi-sur-les-locations\/#breadcrumb","itemListElement":[{"@type":"ListItem","position":1,"name":"Inici","item":"https:\/\/www.espigul.com\/fr\/"},{"@type":"ListItem","position":2,"name":"Tout ce que vous devez savoir sur la nouvelle loi sur les locations"}]},{"@type":"WebSite","@id":"https:\/\/www.espigul.com\/fr\/#website","url":"https:\/\/www.espigul.com\/fr\/","name":"Esp\u00edgul","description":"La immobili\u00e0ria l\u00edder de Girona","publisher":{"@id":"https:\/\/www.espigul.com\/fr\/#organization"},"potentialAction":[{"@type":"SearchAction","target":{"@type":"EntryPoint","urlTemplate":"https:\/\/www.espigul.com\/fr\/?s={search_term_string}"},"query-input":{"@type":"PropertyValueSpecification","valueRequired":true,"valueName":"search_term_string"}}],"inLanguage":"fr-FR"},{"@type":"Organization","@id":"https:\/\/www.espigul.com\/fr\/#organization","name":"Esp\u00edgul","url":"https:\/\/www.espigul.com\/fr\/","logo":{"@type":"ImageObject","inLanguage":"fr-FR","@id":"https:\/\/www.espigul.com\/fr\/#\/schema\/logo\/image\/","url":"https:\/\/www.espigul.com\/wp-content\/uploads\/2023\/08\/espigul-block.png","contentUrl":"https:\/\/www.espigul.com\/wp-content\/uploads\/2023\/08\/espigul-block.png","width":384,"height":240,"caption":"Esp\u00edgul"},"image":{"@id":"https:\/\/www.espigul.com\/fr\/#\/schema\/logo\/image\/"},"sameAs":["https:\/\/www.instagram.com\/immoespigul\/","https:\/\/www.youtube.com\/channel\/UCYyD-WWfbCFpCXau4SQOGKQ"]},{"@type":"Person","@id":"https:\/\/www.espigul.com\/fr\/#\/schema\/person\/36a58e369cbd830f5585fdf230951201","name":"Pol","image":{"@type":"ImageObject","inLanguage":"fr-FR","@id":"https:\/\/secure.gravatar.com\/avatar\/89add7bbf684b4a62e9dcc9ea3065fae26b3041c1485dd5dce8f6e9fbba39057?s=96&d=mm&r=g","url":"https:\/\/secure.gravatar.com\/avatar\/89add7bbf684b4a62e9dcc9ea3065fae26b3041c1485dd5dce8f6e9fbba39057?s=96&d=mm&r=g","contentUrl":"https:\/\/secure.gravatar.com\/avatar\/89add7bbf684b4a62e9dcc9ea3065fae26b3041c1485dd5dce8f6e9fbba39057?s=96&d=mm&r=g","caption":"Pol"},"sameAs":["https:\/\/www.espigul.com\/"]}]}},"uagb_featured_image_src":{"full":["https:\/\/www.espigul.com\/wp-content\/uploads\/2023\/06\/926.jpg",840,472,false],"thumbnail":["https:\/\/www.espigul.com\/wp-content\/uploads\/2023\/06\/926.jpg",150,84,false],"medium":["https:\/\/www.espigul.com\/wp-content\/uploads\/2023\/06\/926.jpg",400,225,false],"medium_large":["https:\/\/www.espigul.com\/wp-content\/uploads\/2023\/06\/926.jpg",768,432,false],"large":["https:\/\/www.espigul.com\/wp-content\/uploads\/2023\/06\/926.jpg",840,472,false],"1536x1536":["https:\/\/www.espigul.com\/wp-content\/uploads\/2023\/06\/926.jpg",840,472,false],"2048x2048":["https:\/\/www.espigul.com\/wp-content\/uploads\/2023\/06\/926.jpg",840,472,false],"gform-image-choice-sm":["https:\/\/www.espigul.com\/wp-content\/uploads\/2023\/06\/926.jpg",300,169,false],"gform-image-choice-md":["https:\/\/www.espigul.com\/wp-content\/uploads\/2023\/06\/926.jpg",400,225,false],"gform-image-choice-lg":["https:\/\/www.espigul.com\/wp-content\/uploads\/2023\/06\/926.jpg",600,337,false]},"uagb_author_info":{"display_name":"Pol","author_link":"https:\/\/www.espigul.com\/fr\/author\/pol\/"},"uagb_comment_info":0,"uagb_excerpt":"Comment puis-je savoir si la loi me concerne ? Cette nouvelle loi 11\/2020 s&rsquo;applique aux nouveaux contrats de location de r\u00e9sidence permanente, c&rsquo;est-\u00e0-dire que les locations touristiques seraient exclues. Sont exclus les contrats de location ant\u00e9rieurs au 1er janvier 1995, ainsi que les contrats de logement qui ont d\u00e9j\u00e0 un r\u00e9gime sp\u00e9cifique, tels que les...","_links":{"self":[{"href":"https:\/\/www.espigul.com\/fr\/wp-json\/wp\/v2\/posts\/129588","targetHints":{"allow":["GET"]}}],"collection":[{"href":"https:\/\/www.espigul.com\/fr\/wp-json\/wp\/v2\/posts"}],"about":[{"href":"https:\/\/www.espigul.com\/fr\/wp-json\/wp\/v2\/types\/post"}],"author":[{"embeddable":true,"href":"https:\/\/www.espigul.com\/fr\/wp-json\/wp\/v2\/users\/1"}],"replies":[{"embeddable":true,"href":"https:\/\/www.espigul.com\/fr\/wp-json\/wp\/v2\/comments?post=129588"}],"version-history":[{"count":0,"href":"https:\/\/www.espigul.com\/fr\/wp-json\/wp\/v2\/posts\/129588\/revisions"}],"wp:featuredmedia":[{"embeddable":true,"href":"https:\/\/www.espigul.com\/fr\/wp-json\/wp\/v2\/media\/129589"}],"wp:attachment":[{"href":"https:\/\/www.espigul.com\/fr\/wp-json\/wp\/v2\/media?parent=129588"}],"wp:term":[{"taxonomy":"category","embeddable":true,"href":"https:\/\/www.espigul.com\/fr\/wp-json\/wp\/v2\/categories?post=129588"},{"taxonomy":"post_tag","embeddable":true,"href":"https:\/\/www.espigul.com\/fr\/wp-json\/wp\/v2\/tags?post=129588"}],"curies":[{"name":"wp","href":"https:\/\/api.w.org\/{rel}","templated":true}]}}