{"id":344159,"date":"2026-01-22T13:29:54","date_gmt":"2026-01-22T11:29:54","guid":{"rendered":"https:\/\/www.espigul.com\/?p=344159"},"modified":"2026-01-22T13:29:55","modified_gmt":"2026-01-22T11:29:55","slug":"propiedad-vertical-propiedad-horizontal","status":"publish","type":"post","link":"https:\/\/www.espigul.com\/es\/propiedad-vertical-propiedad-horizontal\/","title":{"rendered":"\u00bfQu\u00e9 es la propiedad vertical y en qu\u00e9 se diferencia de la propiedad horizontal?"},"content":{"rendered":"\n<p>Cuando hablamos de viviendas, edificios o inmuebles con varios usos o unidades, es habitual encontrarnos con conceptos como la <strong>propiedad vertical o la propiedad horizontal<\/strong>. Aunque a menudo se confunden, se trata de dos formas jur\u00eddicas muy diferentes de titularidad que tienen implicaciones claras a nivel de gesti\u00f3n, derechos, obligaciones y toma de decisiones.<\/p>\n\n\n\n<p>Si est\u00e1s pensando en comprar un edificio, invertir en un inmueble o simplemente quieres entender mejor c\u00f3mo funciona la propiedad de una vivienda, te interesa saber qu\u00e9 es exactamente la <strong>propiedad vertical<\/strong>, c\u00f3mo funciona la <strong>propiedad horizontal y vertical,<\/strong> y en qu\u00e9 se diferencian entre s\u00ed.<\/p>\n\n\n\n<p><\/p>\n\n\n\n<h2 class=\"wp-block-heading\">\u00bfQu\u00e9 es la propiedad vertical?<\/h2>\n\n\n\n<p>La propiedad vertical es aquella en la que una sola<strong> persona f\u00edsica o jur\u00eddica es propietaria de todo el edificio<\/strong>. Esto incluye tanto las viviendas como los espacios comunes: escaleras, azotea, fachada, instalaciones, locales comerciales, etc.<\/p>\n\n\n\n<p>Es muy habitual en edificios destinados \u00edntegramente al alquiler, en fincas antiguas o en inversiones patrimoniales donde un \u00fanico propietario gestiona todo el inmueble. En este caso, no existe una comunidad de propietarios, ya que no hay distintos titulares.<\/p>\n\n\n\n<p>En cuanto a la<strong> ley de propiedad vertical<\/strong>, es importante aclarar que<strong> no existe una normativa espec\u00edfica con este nombre.<\/strong> La propiedad vertical se rige por el C\u00f3digo Civil y por la normativa general de propiedad privada, a diferencia de la propiedad horizontal, que s\u00ed est\u00e1 regulada de forma espec\u00edfica.<\/p>\n\n\n\n<p><\/p>\n\n\n\n<h2 class=\"wp-block-heading\">\u00bfQu\u00e9 es la propiedad horizontal?<\/h2>\n\n\n\n<p>La propiedad horizontal es la f\u00f3rmula m\u00e1s habitual en bloques de pisos. En este caso, <strong>cada vivienda o local tiene un propietario diferente<\/strong>, pero todos comparten elementos comunes del edificio.<\/p>\n\n\n\n<p>Esto implica la existencia de una comunidad de propietarios, unos estatutos, unas cuotas de participaci\u00f3n y unas normas comunes que regulan el uso, el mantenimiento y los gastos de los elementos compartidos.<\/p>\n\n\n\n<p>Cuando se habla de propiedad vertical y horizontal, la diferencia clave es precisamente esta: la titularidad \u00fanica frente a la titularidad compartida.<\/p>\n\n\n\n<p><\/p>\n\n\n\n<h2 class=\"wp-block-heading\">Diferencias entre propiedad vertical y propiedad horizontal<\/h2>\n\n\n\n<p>Entender la diferencia entre propiedad horizontal y vertical es esencial antes de tomar cualquier decisi\u00f3n inmobiliaria. Estas son las principales diferencias:<\/p>\n\n\n\n<h3 class=\"wp-block-heading\">Titularidad del edificio<\/h3>\n\n\n\n<p>En la propiedad vertical, una sola persona es propietaria de todo el inmueble.<br>En la propiedad horizontal, cada vivienda o local tiene un propietario diferente.<\/p>\n\n\n\n<h3 class=\"wp-block-heading\">Gesti\u00f3n y toma de decisiones<\/h3>\n\n\n\n<p>Con la propiedad vertical, el propietario tiene plena autonom\u00eda para decidir sobre reformas, mantenimiento o cambios en el edificio.<br>En la propiedad horizontal, cualquier decisi\u00f3n sobre elementos comunes debe aprobarse en junta.<\/p>\n\n\n\n<h3 class=\"wp-block-heading\">Gastos y mantenimiento<\/h3>\n\n\n\n<p>En un edificio de propiedad vertical, todos los gastos recaen sobre un \u00fanico titular.<br>En cambio, en la propiedad horizontal, los gastos se reparten seg\u00fan la cuota de participaci\u00f3n.<\/p>\n\n\n\n<h3 class=\"wp-block-heading\">Relaci\u00f3n con los ocupantes<\/h3>\n\n\n\n<p>En la propiedad vertical, los ocupantes suelen ser inquilinos.<br>En la propiedad horizontal, los ocupantes pueden ser propietarios, inquilinos o una combinaci\u00f3n de ambos.<\/p>\n\n\n\n<p><\/p>\n\n\n\n<h2 class=\"wp-block-heading\">Ventajas e inconvenientes de la propiedad vertical<\/h2>\n\n\n\n<p>La propiedad vertical puede ser muy atractiva desde el punto de vista de la inversi\u00f3n, pero tambi\u00e9n conlleva responsabilidades importantes.<\/p>\n\n\n\n<p>Entre las principales ventajas se encuentran el control total del edificio, la facilidad para gestionar alquileres y la posibilidad de revalorizar el inmueble con reformas globales. Adem\u00e1s, se evitan los conflictos habituales de comunidad.<\/p>\n\n\n\n<p>Como contrapunto, el coste de mantenimiento recae \u00edntegramente en el propietario y cualquier incidencia estructural o legal afecta directamente a todo el edificio.<\/p>\n\n\n\n<p><\/p>\n\n\n\n<h2 class=\"wp-block-heading\">\u00bfC\u00f3mo saber si te conviene una propiedad vertical u horizontal?<\/h2>\n\n\n\n<p>Elegir entre una propiedad vertical o una propiedad horizontal no es solo una cuesti\u00f3n jur\u00eddica, sino sobre todo de objetivo y de contexto. Antes de tomar una decisi\u00f3n, conviene analizar qu\u00e9 quieres hacer con el inmueble y qu\u00e9 grado de implicaci\u00f3n est\u00e1s dispuesto a asumir.<\/p>\n\n\n\n<p>Si tu objetivo es invertir y gestionar el edificio de manera global, la propiedad vertical puede ser una buena opci\u00f3n. Te permite tener control total sobre el inmueble, decidir cu\u00e1ndo realizar reformas, c\u00f3mo gestionar los alquileres y adaptar el edificio a las necesidades del mercado sin tener que consensuarlo con terceros.<\/p>\n\n\n\n<p>En cambio, si lo que buscas es adquirir una vivienda para vivir o como segunda residencia, la propiedad horizontal es la f\u00f3rmula m\u00e1s habitual. En este caso, compartes responsabilidades con el resto de propietarios, tanto en lo relativo al mantenimiento como a los gastos comunes, y las decisiones se toman de forma colectiva.<\/p>\n\n\n\n<p>Tambi\u00e9n es importante valorar el impacto econ\u00f3mico. En la propiedad vertical, todos los gastos recaen sobre una sola persona, mientras que en la propiedad horizontal estos se reparten. Esto puede marcar la diferencia a largo plazo, especialmente en edificios antiguos o que requieren inversiones significativas.<\/p>\n\n\n\n<p>Analizar bien estos factores te ayudar\u00e1 a determinar qu\u00e9 modelo se adapta mejor a tu situaci\u00f3n personal, econ\u00f3mica y patrimonial, evitando sorpresas una vez realizada la operaci\u00f3n.<\/p>\n","protected":false},"excerpt":{"rendered":"<p>Cuando hablamos de viviendas, edificios o inmuebles con varios usos o unidades, es habitual encontrarnos con conceptos como la propiedad vertical o la propiedad horizontal. Aunque a menudo se confunden, se trata de dos formas jur\u00eddicas muy diferentes de titularidad que tienen implicaciones claras a nivel de gesti\u00f3n, derechos, obligaciones y toma de decisiones. Si&#8230;<\/p>\n","protected":false},"author":6,"featured_media":344160,"comment_status":"closed","ping_status":"open","sticky":false,"template":"","format":"standard","meta":{"_acf_changed":false,"_uag_custom_page_level_css":"","footnotes":""},"categories":[3],"tags":[],"class_list":["post-344159","post","type-post","status-publish","format-standard","has-post-thumbnail","hentry","category-sin-categorizar"],"acf":[],"yoast_head":"<!-- This site is optimized with the Yoast SEO plugin v27.5 - https:\/\/yoast.com\/product\/yoast-seo-wordpress\/ -->\n<title>\u00bfQu\u00e9 es la propiedad vertical y en qu\u00e9 se diferencia de la propiedad horizontal? - Esp\u00edgul<\/title>\n<meta name=\"description\" content=\"Conoce qu\u00e9 es la propiedad vertical y en qu\u00e9 se diferencia de la propiedad horizontal. Te explicamos las principales diferencias, ventajas y qu\u00e9 tener en cuenta antes de decidir.\" \/>\n<meta name=\"robots\" content=\"index, follow, max-snippet:-1, max-image-preview:large, max-video-preview:-1\" \/>\n<link rel=\"canonical\" href=\"https:\/\/www.espigul.com\/es\/propiedad-vertical-propiedad-horizontal\/\" \/>\n<meta property=\"og:locale\" content=\"es_ES\" \/>\n<meta property=\"og:type\" content=\"article\" \/>\n<meta property=\"og:title\" content=\"\u00bfQu\u00e9 es la propiedad vertical y en qu\u00e9 se diferencia de la propiedad horizontal? - Esp\u00edgul\" \/>\n<meta property=\"og:description\" content=\"Conoce qu\u00e9 es la propiedad vertical y en qu\u00e9 se diferencia de la propiedad horizontal. Te explicamos las principales diferencias, ventajas y qu\u00e9 tener en cuenta antes de decidir.\" \/>\n<meta property=\"og:url\" content=\"https:\/\/www.espigul.com\/es\/propiedad-vertical-propiedad-horizontal\/\" \/>\n<meta property=\"og:site_name\" content=\"Esp\u00edgul\" \/>\n<meta property=\"article:published_time\" content=\"2026-01-22T11:29:54+00:00\" \/>\n<meta property=\"article:modified_time\" content=\"2026-01-22T11:29:55+00:00\" \/>\n<meta property=\"og:image\" content=\"https:\/\/www.espigul.com\/wp-content\/uploads\/2026\/01\/propiedad-vertical-propiedad-horizontal.jpg\" \/>\n\t<meta property=\"og:image:width\" content=\"840\" \/>\n\t<meta property=\"og:image:height\" content=\"472\" \/>\n\t<meta property=\"og:image:type\" content=\"image\/jpeg\" \/>\n<meta name=\"author\" content=\"DobleSEO\" \/>\n<meta name=\"twitter:card\" content=\"summary_large_image\" \/>\n<meta name=\"twitter:label1\" content=\"Escrito por\" \/>\n\t<meta name=\"twitter:data1\" content=\"DobleSEO\" \/>\n\t<meta name=\"twitter:label2\" content=\"Tiempo de lectura\" \/>\n\t<meta name=\"twitter:data2\" content=\"5 minutos\" \/>\n<script type=\"application\/ld+json\" class=\"yoast-schema-graph\">{\"@context\":\"https:\\\/\\\/schema.org\",\"@graph\":[{\"@type\":\"Article\",\"@id\":\"https:\\\/\\\/www.espigul.com\\\/es\\\/propiedad-vertical-propiedad-horizontal\\\/#article\",\"isPartOf\":{\"@id\":\"https:\\\/\\\/www.espigul.com\\\/es\\\/propiedad-vertical-propiedad-horizontal\\\/\"},\"author\":{\"name\":\"DobleSEO\",\"@id\":\"https:\\\/\\\/www.espigul.com\\\/es\\\/#\\\/schema\\\/person\\\/13b15c309f4aa1f3531877a0ce8a82ce\"},\"headline\":\"\u00bfQu\u00e9 es la propiedad vertical y en qu\u00e9 se diferencia de la propiedad horizontal?\",\"datePublished\":\"2026-01-22T11:29:54+00:00\",\"dateModified\":\"2026-01-22T11:29:55+00:00\",\"mainEntityOfPage\":{\"@id\":\"https:\\\/\\\/www.espigul.com\\\/es\\\/propiedad-vertical-propiedad-horizontal\\\/\"},\"wordCount\":841,\"publisher\":{\"@id\":\"https:\\\/\\\/www.espigul.com\\\/es\\\/#organization\"},\"image\":{\"@id\":\"https:\\\/\\\/www.espigul.com\\\/es\\\/propiedad-vertical-propiedad-horizontal\\\/#primaryimage\"},\"thumbnailUrl\":\"https:\\\/\\\/www.espigul.com\\\/wp-content\\\/uploads\\\/2026\\\/01\\\/propiedad-vertical-propiedad-horizontal.jpg\",\"articleSection\":[\"Sin categorizar\"],\"inLanguage\":\"es\"},{\"@type\":\"WebPage\",\"@id\":\"https:\\\/\\\/www.espigul.com\\\/es\\\/propiedad-vertical-propiedad-horizontal\\\/\",\"url\":\"https:\\\/\\\/www.espigul.com\\\/es\\\/propiedad-vertical-propiedad-horizontal\\\/\",\"name\":\"\u00bfQu\u00e9 es la propiedad vertical y en qu\u00e9 se diferencia de la propiedad horizontal? - Esp\u00edgul\",\"isPartOf\":{\"@id\":\"https:\\\/\\\/www.espigul.com\\\/es\\\/#website\"},\"primaryImageOfPage\":{\"@id\":\"https:\\\/\\\/www.espigul.com\\\/es\\\/propiedad-vertical-propiedad-horizontal\\\/#primaryimage\"},\"image\":{\"@id\":\"https:\\\/\\\/www.espigul.com\\\/es\\\/propiedad-vertical-propiedad-horizontal\\\/#primaryimage\"},\"thumbnailUrl\":\"https:\\\/\\\/www.espigul.com\\\/wp-content\\\/uploads\\\/2026\\\/01\\\/propiedad-vertical-propiedad-horizontal.jpg\",\"datePublished\":\"2026-01-22T11:29:54+00:00\",\"dateModified\":\"2026-01-22T11:29:55+00:00\",\"description\":\"Conoce qu\u00e9 es la propiedad vertical y en qu\u00e9 se diferencia de la propiedad horizontal. Te explicamos las principales diferencias, ventajas y qu\u00e9 tener en cuenta antes de decidir.\",\"breadcrumb\":{\"@id\":\"https:\\\/\\\/www.espigul.com\\\/es\\\/propiedad-vertical-propiedad-horizontal\\\/#breadcrumb\"},\"inLanguage\":\"es\",\"potentialAction\":[{\"@type\":\"ReadAction\",\"target\":[\"https:\\\/\\\/www.espigul.com\\\/es\\\/propiedad-vertical-propiedad-horizontal\\\/\"]}]},{\"@type\":\"ImageObject\",\"inLanguage\":\"es\",\"@id\":\"https:\\\/\\\/www.espigul.com\\\/es\\\/propiedad-vertical-propiedad-horizontal\\\/#primaryimage\",\"url\":\"https:\\\/\\\/www.espigul.com\\\/wp-content\\\/uploads\\\/2026\\\/01\\\/propiedad-vertical-propiedad-horizontal.jpg\",\"contentUrl\":\"https:\\\/\\\/www.espigul.com\\\/wp-content\\\/uploads\\\/2026\\\/01\\\/propiedad-vertical-propiedad-horizontal.jpg\",\"width\":840,\"height\":472,\"caption\":\"Propiedad vertical y propiedad horizontal\"},{\"@type\":\"BreadcrumbList\",\"@id\":\"https:\\\/\\\/www.espigul.com\\\/es\\\/propiedad-vertical-propiedad-horizontal\\\/#breadcrumb\",\"itemListElement\":[{\"@type\":\"ListItem\",\"position\":1,\"name\":\"Portada\",\"item\":\"https:\\\/\\\/www.espigul.com\\\/es\\\/\"},{\"@type\":\"ListItem\",\"position\":2,\"name\":\"\u00bfQu\u00e9 es la propiedad vertical y en qu\u00e9 se diferencia de la propiedad horizontal?\"}]},{\"@type\":\"WebSite\",\"@id\":\"https:\\\/\\\/www.espigul.com\\\/es\\\/#website\",\"url\":\"https:\\\/\\\/www.espigul.com\\\/es\\\/\",\"name\":\"Esp\u00edgul\",\"description\":\"La immobili\u00e0ria l\u00edder de Girona\",\"publisher\":{\"@id\":\"https:\\\/\\\/www.espigul.com\\\/es\\\/#organization\"},\"potentialAction\":[{\"@type\":\"SearchAction\",\"target\":{\"@type\":\"EntryPoint\",\"urlTemplate\":\"https:\\\/\\\/www.espigul.com\\\/es\\\/?s={search_term_string}\"},\"query-input\":{\"@type\":\"PropertyValueSpecification\",\"valueRequired\":true,\"valueName\":\"search_term_string\"}}],\"inLanguage\":\"es\"},{\"@type\":\"Organization\",\"@id\":\"https:\\\/\\\/www.espigul.com\\\/es\\\/#organization\",\"name\":\"Esp\u00edgul\",\"url\":\"https:\\\/\\\/www.espigul.com\\\/es\\\/\",\"logo\":{\"@type\":\"ImageObject\",\"inLanguage\":\"es\",\"@id\":\"https:\\\/\\\/www.espigul.com\\\/es\\\/#\\\/schema\\\/logo\\\/image\\\/\",\"url\":\"https:\\\/\\\/www.espigul.com\\\/wp-content\\\/uploads\\\/2023\\\/08\\\/espigul-block.png\",\"contentUrl\":\"https:\\\/\\\/www.espigul.com\\\/wp-content\\\/uploads\\\/2023\\\/08\\\/espigul-block.png\",\"width\":384,\"height\":240,\"caption\":\"Esp\u00edgul\"},\"image\":{\"@id\":\"https:\\\/\\\/www.espigul.com\\\/es\\\/#\\\/schema\\\/logo\\\/image\\\/\"},\"sameAs\":[\"https:\\\/\\\/www.instagram.com\\\/immoespigul\\\/\",\"https:\\\/\\\/www.youtube.com\\\/channel\\\/UCYyD-WWfbCFpCXau4SQOGKQ\"]},{\"@type\":\"Person\",\"@id\":\"https:\\\/\\\/www.espigul.com\\\/es\\\/#\\\/schema\\\/person\\\/13b15c309f4aa1f3531877a0ce8a82ce\",\"name\":\"DobleSEO\",\"image\":{\"@type\":\"ImageObject\",\"inLanguage\":\"es\",\"@id\":\"https:\\\/\\\/secure.gravatar.com\\\/avatar\\\/4bb43a6820337ce60267be4e3e4ff5a823435bc94d512587981791d286330432?s=96&d=mm&r=g\",\"url\":\"https:\\\/\\\/secure.gravatar.com\\\/avatar\\\/4bb43a6820337ce60267be4e3e4ff5a823435bc94d512587981791d286330432?s=96&d=mm&r=g\",\"contentUrl\":\"https:\\\/\\\/secure.gravatar.com\\\/avatar\\\/4bb43a6820337ce60267be4e3e4ff5a823435bc94d512587981791d286330432?s=96&d=mm&r=g\",\"caption\":\"DobleSEO\"}}]}<\/script>\n<!-- \/ Yoast SEO plugin. -->","yoast_head_json":{"title":"\u00bfQu\u00e9 es la propiedad vertical y en qu\u00e9 se diferencia de la propiedad horizontal? - Esp\u00edgul","description":"Conoce qu\u00e9 es la propiedad vertical y en qu\u00e9 se diferencia de la propiedad horizontal. Te explicamos las principales diferencias, ventajas y qu\u00e9 tener en cuenta antes de decidir.","robots":{"index":"index","follow":"follow","max-snippet":"max-snippet:-1","max-image-preview":"max-image-preview:large","max-video-preview":"max-video-preview:-1"},"canonical":"https:\/\/www.espigul.com\/es\/propiedad-vertical-propiedad-horizontal\/","og_locale":"es_ES","og_type":"article","og_title":"\u00bfQu\u00e9 es la propiedad vertical y en qu\u00e9 se diferencia de la propiedad horizontal? - Esp\u00edgul","og_description":"Conoce qu\u00e9 es la propiedad vertical y en qu\u00e9 se diferencia de la propiedad horizontal. Te explicamos las principales diferencias, ventajas y qu\u00e9 tener en cuenta antes de decidir.","og_url":"https:\/\/www.espigul.com\/es\/propiedad-vertical-propiedad-horizontal\/","og_site_name":"Esp\u00edgul","article_published_time":"2026-01-22T11:29:54+00:00","article_modified_time":"2026-01-22T11:29:55+00:00","og_image":[{"width":840,"height":472,"url":"https:\/\/www.espigul.com\/wp-content\/uploads\/2026\/01\/propiedad-vertical-propiedad-horizontal.jpg","type":"image\/jpeg"}],"author":"DobleSEO","twitter_card":"summary_large_image","twitter_misc":{"Escrito por":"DobleSEO","Tiempo de lectura":"5 minutos"},"schema":{"@context":"https:\/\/schema.org","@graph":[{"@type":"Article","@id":"https:\/\/www.espigul.com\/es\/propiedad-vertical-propiedad-horizontal\/#article","isPartOf":{"@id":"https:\/\/www.espigul.com\/es\/propiedad-vertical-propiedad-horizontal\/"},"author":{"name":"DobleSEO","@id":"https:\/\/www.espigul.com\/es\/#\/schema\/person\/13b15c309f4aa1f3531877a0ce8a82ce"},"headline":"\u00bfQu\u00e9 es la propiedad vertical y en qu\u00e9 se diferencia de la propiedad horizontal?","datePublished":"2026-01-22T11:29:54+00:00","dateModified":"2026-01-22T11:29:55+00:00","mainEntityOfPage":{"@id":"https:\/\/www.espigul.com\/es\/propiedad-vertical-propiedad-horizontal\/"},"wordCount":841,"publisher":{"@id":"https:\/\/www.espigul.com\/es\/#organization"},"image":{"@id":"https:\/\/www.espigul.com\/es\/propiedad-vertical-propiedad-horizontal\/#primaryimage"},"thumbnailUrl":"https:\/\/www.espigul.com\/wp-content\/uploads\/2026\/01\/propiedad-vertical-propiedad-horizontal.jpg","articleSection":["Sin categorizar"],"inLanguage":"es"},{"@type":"WebPage","@id":"https:\/\/www.espigul.com\/es\/propiedad-vertical-propiedad-horizontal\/","url":"https:\/\/www.espigul.com\/es\/propiedad-vertical-propiedad-horizontal\/","name":"\u00bfQu\u00e9 es la propiedad vertical y en qu\u00e9 se diferencia de la propiedad horizontal? - Esp\u00edgul","isPartOf":{"@id":"https:\/\/www.espigul.com\/es\/#website"},"primaryImageOfPage":{"@id":"https:\/\/www.espigul.com\/es\/propiedad-vertical-propiedad-horizontal\/#primaryimage"},"image":{"@id":"https:\/\/www.espigul.com\/es\/propiedad-vertical-propiedad-horizontal\/#primaryimage"},"thumbnailUrl":"https:\/\/www.espigul.com\/wp-content\/uploads\/2026\/01\/propiedad-vertical-propiedad-horizontal.jpg","datePublished":"2026-01-22T11:29:54+00:00","dateModified":"2026-01-22T11:29:55+00:00","description":"Conoce qu\u00e9 es la propiedad vertical y en qu\u00e9 se diferencia de la propiedad horizontal. Te explicamos las principales diferencias, ventajas y qu\u00e9 tener en cuenta antes de decidir.","breadcrumb":{"@id":"https:\/\/www.espigul.com\/es\/propiedad-vertical-propiedad-horizontal\/#breadcrumb"},"inLanguage":"es","potentialAction":[{"@type":"ReadAction","target":["https:\/\/www.espigul.com\/es\/propiedad-vertical-propiedad-horizontal\/"]}]},{"@type":"ImageObject","inLanguage":"es","@id":"https:\/\/www.espigul.com\/es\/propiedad-vertical-propiedad-horizontal\/#primaryimage","url":"https:\/\/www.espigul.com\/wp-content\/uploads\/2026\/01\/propiedad-vertical-propiedad-horizontal.jpg","contentUrl":"https:\/\/www.espigul.com\/wp-content\/uploads\/2026\/01\/propiedad-vertical-propiedad-horizontal.jpg","width":840,"height":472,"caption":"Propiedad vertical y propiedad horizontal"},{"@type":"BreadcrumbList","@id":"https:\/\/www.espigul.com\/es\/propiedad-vertical-propiedad-horizontal\/#breadcrumb","itemListElement":[{"@type":"ListItem","position":1,"name":"Portada","item":"https:\/\/www.espigul.com\/es\/"},{"@type":"ListItem","position":2,"name":"\u00bfQu\u00e9 es la propiedad vertical y en qu\u00e9 se diferencia de la propiedad horizontal?"}]},{"@type":"WebSite","@id":"https:\/\/www.espigul.com\/es\/#website","url":"https:\/\/www.espigul.com\/es\/","name":"Esp\u00edgul","description":"La immobili\u00e0ria l\u00edder de Girona","publisher":{"@id":"https:\/\/www.espigul.com\/es\/#organization"},"potentialAction":[{"@type":"SearchAction","target":{"@type":"EntryPoint","urlTemplate":"https:\/\/www.espigul.com\/es\/?s={search_term_string}"},"query-input":{"@type":"PropertyValueSpecification","valueRequired":true,"valueName":"search_term_string"}}],"inLanguage":"es"},{"@type":"Organization","@id":"https:\/\/www.espigul.com\/es\/#organization","name":"Esp\u00edgul","url":"https:\/\/www.espigul.com\/es\/","logo":{"@type":"ImageObject","inLanguage":"es","@id":"https:\/\/www.espigul.com\/es\/#\/schema\/logo\/image\/","url":"https:\/\/www.espigul.com\/wp-content\/uploads\/2023\/08\/espigul-block.png","contentUrl":"https:\/\/www.espigul.com\/wp-content\/uploads\/2023\/08\/espigul-block.png","width":384,"height":240,"caption":"Esp\u00edgul"},"image":{"@id":"https:\/\/www.espigul.com\/es\/#\/schema\/logo\/image\/"},"sameAs":["https:\/\/www.instagram.com\/immoespigul\/","https:\/\/www.youtube.com\/channel\/UCYyD-WWfbCFpCXau4SQOGKQ"]},{"@type":"Person","@id":"https:\/\/www.espigul.com\/es\/#\/schema\/person\/13b15c309f4aa1f3531877a0ce8a82ce","name":"DobleSEO","image":{"@type":"ImageObject","inLanguage":"es","@id":"https:\/\/secure.gravatar.com\/avatar\/4bb43a6820337ce60267be4e3e4ff5a823435bc94d512587981791d286330432?s=96&d=mm&r=g","url":"https:\/\/secure.gravatar.com\/avatar\/4bb43a6820337ce60267be4e3e4ff5a823435bc94d512587981791d286330432?s=96&d=mm&r=g","contentUrl":"https:\/\/secure.gravatar.com\/avatar\/4bb43a6820337ce60267be4e3e4ff5a823435bc94d512587981791d286330432?s=96&d=mm&r=g","caption":"DobleSEO"}}]}},"uagb_featured_image_src":{"full":["https:\/\/www.espigul.com\/wp-content\/uploads\/2026\/01\/propiedad-vertical-propiedad-horizontal.jpg",840,472,false],"thumbnail":["https:\/\/www.espigul.com\/wp-content\/uploads\/2026\/01\/propiedad-vertical-propiedad-horizontal-150x150.jpg",150,150,true],"medium":["https:\/\/www.espigul.com\/wp-content\/uploads\/2026\/01\/propiedad-vertical-propiedad-horizontal-400x225.jpg",400,225,true],"medium_large":["https:\/\/www.espigul.com\/wp-content\/uploads\/2026\/01\/propiedad-vertical-propiedad-horizontal-768x432.jpg",768,432,true],"large":["https:\/\/www.espigul.com\/wp-content\/uploads\/2026\/01\/propiedad-vertical-propiedad-horizontal.jpg",840,472,false],"1536x1536":["https:\/\/www.espigul.com\/wp-content\/uploads\/2026\/01\/propiedad-vertical-propiedad-horizontal.jpg",840,472,false],"2048x2048":["https:\/\/www.espigul.com\/wp-content\/uploads\/2026\/01\/propiedad-vertical-propiedad-horizontal.jpg",840,472,false],"gform-image-choice-sm":["https:\/\/www.espigul.com\/wp-content\/uploads\/2026\/01\/propiedad-vertical-propiedad-horizontal.jpg",300,169,false],"gform-image-choice-md":["https:\/\/www.espigul.com\/wp-content\/uploads\/2026\/01\/propiedad-vertical-propiedad-horizontal.jpg",400,225,false],"gform-image-choice-lg":["https:\/\/www.espigul.com\/wp-content\/uploads\/2026\/01\/propiedad-vertical-propiedad-horizontal.jpg",600,337,false]},"uagb_author_info":{"display_name":"DobleSEO","author_link":"https:\/\/www.espigul.com\/es\/author\/dobleseo\/"},"uagb_comment_info":0,"uagb_excerpt":"Cuando hablamos de viviendas, edificios o inmuebles con varios usos o unidades, es habitual encontrarnos con conceptos como la propiedad vertical o la propiedad horizontal. Aunque a menudo se confunden, se trata de dos formas jur\u00eddicas muy diferentes de titularidad que tienen implicaciones claras a nivel de gesti\u00f3n, derechos, obligaciones y toma de decisiones. Si...","_links":{"self":[{"href":"https:\/\/www.espigul.com\/es\/wp-json\/wp\/v2\/posts\/344159","targetHints":{"allow":["GET"]}}],"collection":[{"href":"https:\/\/www.espigul.com\/es\/wp-json\/wp\/v2\/posts"}],"about":[{"href":"https:\/\/www.espigul.com\/es\/wp-json\/wp\/v2\/types\/post"}],"author":[{"embeddable":true,"href":"https:\/\/www.espigul.com\/es\/wp-json\/wp\/v2\/users\/6"}],"replies":[{"embeddable":true,"href":"https:\/\/www.espigul.com\/es\/wp-json\/wp\/v2\/comments?post=344159"}],"version-history":[{"count":1,"href":"https:\/\/www.espigul.com\/es\/wp-json\/wp\/v2\/posts\/344159\/revisions"}],"predecessor-version":[{"id":344161,"href":"https:\/\/www.espigul.com\/es\/wp-json\/wp\/v2\/posts\/344159\/revisions\/344161"}],"wp:featuredmedia":[{"embeddable":true,"href":"https:\/\/www.espigul.com\/es\/wp-json\/wp\/v2\/media\/344160"}],"wp:attachment":[{"href":"https:\/\/www.espigul.com\/es\/wp-json\/wp\/v2\/media?parent=344159"}],"wp:term":[{"taxonomy":"category","embeddable":true,"href":"https:\/\/www.espigul.com\/es\/wp-json\/wp\/v2\/categories?post=344159"},{"taxonomy":"post_tag","embeddable":true,"href":"https:\/\/www.espigul.com\/es\/wp-json\/wp\/v2\/tags?post=344159"}],"curies":[{"name":"wp","href":"https:\/\/api.w.org\/{rel}","templated":true}]}}