{"id":186900,"date":"2023-04-21T08:32:00","date_gmt":"2023-04-21T06:32:00","guid":{"rendered":"https:\/\/www.espigul.com\/7-dekorationsbuecher-zum-verschenken-an-sant-jordi\/"},"modified":"2023-04-21T08:32:00","modified_gmt":"2023-04-21T06:32:00","slug":"7-dekorationsbuecher-zum-verschenken-an-sant-jordi","status":"publish","type":"post","link":"https:\/\/www.espigul.com\/de\/7-dekorationsbuecher-zum-verschenken-an-sant-jordi\/","title":{"rendered":"7 Dekorationsb\u00fccher zum Verschenken an Sant Jordi"},"content":{"rendered":"<p>Ein wichtiger Termin im Kalender f\u00fcr viele, an dem B\u00fccher und Rosen zu Symbolen der Liebe und Kultur werden. Wenn Sie B\u00fccher zum Verschenken an Sant Jordi f\u00fcr jemanden suchen, der sein Zuhause und die Dekoration liebt, pr\u00e4sentieren wir Ihnen hier <b>sieben B\u00fccher \u00fcber das Zuhause, die perfekt sein k\u00f6nnen.<\/b> <\/p>\n<p><b><u><br \/><\/u><\/b><\/p>\n<p><b><u>Empfehlungen Sant Jordi:<\/u><\/b><\/p>\n<p><b>&#8222;Das Haus Ihrer Tr\u00e4ume&#8220; von Jonathan und Drew Scott<\/b><\/p>\n<p>Die Br\u00fcder Scott sind bekannt f\u00fcr ihre Fernsehsendung &#8222;Die Renovierungs-Zwillinge&#8220;, in der sie Menschen helfen, ihre H\u00e4user zu renovieren und zu verwandeln.&nbsp;<\/p>\n<p>In diesem Buch teilen sie ihr Wissen und ihre Erfahrung in der Hausrenovierung und geben praktische und kreative Tipps, um das Haus Ihrer Tr\u00e4ume zu verwirklichen.<\/p>\n<p><\/p>\n<p><b>&#8222;Marie Kondo: Die Magie des Aufr\u00e4umens&#8220; von Marie Kondo<\/b><\/p>\n<p>Marie Kondo ist eine Expertin f\u00fcr Organisation und Autorin mehrerer B\u00fccher zu diesem Thema, darunter &#8222;Die Magie des Aufr\u00e4umens&#8220;.&nbsp;<\/p>\n<p>Dieses Buch ist ein praktischer Leitfaden, um Ihr Zuhause zu organisieren und die Gegenst\u00e4nde loszuwerden, die Sie nicht mehr ben\u00f6tigen. Mit n\u00fctzlichen Tipps und leicht verst\u00e4ndlichen Tricks kann dieses Buch jedem helfen, einen ordentlichen und ruhigen Raum zu schaffen. <\/p>\n<p><\/p>\n<p><b>&#8222;Architektur des Gl\u00fccks&#8220; von Alain de Botton<\/b><\/p>\n<p>In diesem Buch untersucht der Philosoph Alain de Botton die Beziehung zwischen Architektur und Gl\u00fcck.<\/p>\n<p>Durch tiefgr\u00fcndige \u00dcberlegungen und praktische Beispiele zeigt Botton, wie Architektur unseren Gem\u00fctszustand und unsere Lebensqualit\u00e4t beeinflussen kann. Dieses Buch ist ideal f\u00fcr alle, die sich f\u00fcr Architektur und die Psychologie des Raumes interessieren. <\/p>\n<p><\/p>\n<p><b>&#8222;Kleine gro\u00dfe H\u00e4user&#8220; von Catherine Foster<\/b><\/p>\n<p>Dieses Buch ist eine Hommage an die Sch\u00f6nheit und Eleganz kleiner H\u00e4user.&nbsp;<\/p>\n<p>Mit wundersch\u00f6nen Fotografien und detaillierten Beschreibungen pr\u00e4sentiert das Buch eine Vielzahl von kleinen H\u00e4usern, von rustikalen H\u00fctten bis hin zu modernen Stadtwohnungen. Wenn Sie Inspiration f\u00fcr Ihr eigenes Zuhause suchen oder jemandem, der auf kleinem Raum lebt, ein Geschenk machen m\u00f6chten, ist dieses Buch eine ausgezeichnete Wahl. <\/p>\n<p><\/p>\n<p><b>&#8222;Die Macht der Dekoration mit Pflanzen&#8220; von Baylor Chapman<\/b><\/p>\n<p>Pflanzen k\u00f6nnen eine ausgezeichnete M\u00f6glichkeit sein, jedem Zuhause Leben und Farbe zu verleihen.&nbsp;<\/p>\n<p>In diesem Buch gibt Baylor Chapman Ideen und Tipps, wie man Pflanzen in die Dekoration des Hauses integrieren kann, von der Auswahl der richtigen Pflanzen bis hin zur Schaffung vertikaler G\u00e4rten. Wenn Sie ein Geschenk f\u00fcr einen Natur- und Dekorationsliebhaber suchen, ist dieses Buch eine gute Wahl. <\/p>\n<p><\/p>\n<p><b>&#8222;Remodelista: Leitfaden f\u00fcr Wohndesign&#8220; von Julie Carlson und Margot Guralnick<\/b><\/p>\n<p>Remodelista ist eine sehr beliebte Website f\u00fcr Innendesign, und dieses Buch ist eine Zusammenstellung einiger ihrer besten Ideen und Tipps.&nbsp;<\/p>\n<p>Mit wundersch\u00f6nen Fotografien und detaillierten Beschreibungen ist dieses Buch ein umfassender Leitfaden, um jedes Zuhause in einen eleganten und gem\u00fctlichen Raum zu verwandeln.<\/p>\n<p><\/p>\n<p><b>&#8222;The Kinfolk Home: Interiors for Slow Living&#8220; von Nathan Williams<\/b><\/p>\n<p>&#8222;The Kinfolk Home&#8220; ist eine Zusammenstellung von wundersch\u00f6n gestalteten H\u00e4usern und Wohnungen aus der ganzen Welt, die einen ruhigen und einfachen Lebensstil feiern.&nbsp;<\/p>\n<p>Mit beeindruckenden Fotografien und detaillierten Beschreibungen jedes Raumes ist dieses Buch eine Quelle der Inspiration f\u00fcr diejenigen, die ein gem\u00fctliches und entspanntes Zuhause schaffen m\u00f6chten.<\/p>\n<p><\/p>\n<p>Ein Buch \u00fcber das Zuhause an Sant Jordi zu verschenken, ist eine ausgezeichnete M\u00f6glichkeit, Ihre Zuneigung zu jemandem zu zeigen und gleichzeitig Ideen zur Verbesserung seines Zuhauses zu liefern.&nbsp;<\/p>\n<p><\/p>\n<p>Es gibt viele B\u00fccher \u00fcber das Zuhause und die Dekoration, die ausgezeichnete Optionen sein k\u00f6nnen. In diesem Beitrag wollten wir Ihnen unseren Vorschlag f\u00fcr B\u00fccher zum Verschenken an Sant Jordi zeigen. Egal, ob Sie Inspiration f\u00fcr die Dekoration Ihres Zuhauses suchen oder jemandem, der Design und Bauen liebt, ein Geschenk machen m\u00f6chten, diese B\u00fccher bieten eine gro\u00dfe Vielfalt an Ideen und praktischen Tipps, um jeden Raum in ein gem\u00fctliches und sch\u00f6nes Zuhause zu verwandeln. <\/p>\n","protected":false},"excerpt":{"rendered":"<p>Ein wichtiger Termin im Kalender f\u00fcr viele, an dem B\u00fccher und Rosen zu Symbolen der Liebe und Kultur werden. Wenn Sie B\u00fccher zum Verschenken an Sant Jordi f\u00fcr jemanden suchen, der sein Zuhause und die Dekoration liebt, pr\u00e4sentieren wir Ihnen hier sieben B\u00fccher \u00fcber das Zuhause, die perfekt sein k\u00f6nnen. Empfehlungen Sant Jordi: &#8222;Das Haus&#8230;<\/p>\n","protected":false},"author":1,"featured_media":186901,"comment_status":"open","ping_status":"open","sticky":false,"template":"","format":"standard","meta":{"_acf_changed":false,"_uag_custom_page_level_css":"","footnotes":""},"categories":[319],"tags":[],"class_list":["post-186900","post","type-post","status-publish","format-standard","has-post-thumbnail","hentry","category-nicht-kategorisiert"],"acf":[],"yoast_head":"<!-- This site is optimized with the Yoast SEO plugin v27.4 - https:\/\/yoast.com\/product\/yoast-seo-wordpress\/ -->\n<title>7 Dekorationsb\u00fccher zum Verschenken an Sant Jordi - Esp\u00edgul<\/title>\n<meta name=\"description\" content=\"Ein wichtiger Termin im Kalender f\u00fcr viele, an dem B\u00fccher und Rosen zu Symbolen der Liebe und Kultur werden. Wenn Sie B\u00fccher zum Verschenken an Sant Jordi\" \/>\n<meta name=\"robots\" content=\"index, follow, max-snippet:-1, max-image-preview:large, max-video-preview:-1\" \/>\n<link rel=\"canonical\" href=\"https:\/\/www.espigul.com\/de\/7-dekorationsbuecher-zum-verschenken-an-sant-jordi\/\" \/>\n<meta property=\"og:locale\" content=\"de_DE\" \/>\n<meta property=\"og:type\" content=\"article\" \/>\n<meta property=\"og:title\" content=\"7 Dekorationsb\u00fccher zum Verschenken an Sant Jordi - Esp\u00edgul\" \/>\n<meta property=\"og:description\" content=\"Ein wichtiger Termin im Kalender f\u00fcr viele, an dem B\u00fccher und Rosen zu Symbolen der Liebe und Kultur werden. Wenn Sie B\u00fccher zum Verschenken an Sant Jordi\" \/>\n<meta property=\"og:url\" content=\"https:\/\/www.espigul.com\/de\/7-dekorationsbuecher-zum-verschenken-an-sant-jordi\/\" \/>\n<meta property=\"og:site_name\" content=\"Esp\u00edgul\" \/>\n<meta property=\"article:published_time\" content=\"2023-04-21T06:32:00+00:00\" \/>\n<meta property=\"og:image\" content=\"https:\/\/www.espigul.com\/wp-content\/uploads\/2023\/06\/2267.jpg\" \/>\n\t<meta property=\"og:image:width\" content=\"840\" \/>\n\t<meta property=\"og:image:height\" content=\"472\" \/>\n\t<meta property=\"og:image:type\" content=\"image\/jpeg\" \/>\n<meta name=\"author\" content=\"Pol\" \/>\n<meta name=\"twitter:card\" content=\"summary_large_image\" \/>\n<meta name=\"twitter:label1\" content=\"Verfasst von\" \/>\n\t<meta name=\"twitter:data1\" content=\"Pol\" \/>\n\t<meta name=\"twitter:label2\" content=\"Gesch\u00e4tzte Lesezeit\" \/>\n\t<meta name=\"twitter:data2\" content=\"3\u00a0Minuten\" \/>\n<script type=\"application\/ld+json\" class=\"yoast-schema-graph\">{\"@context\":\"https:\\\/\\\/schema.org\",\"@graph\":[{\"@type\":\"Article\",\"@id\":\"https:\\\/\\\/www.espigul.com\\\/de\\\/7-dekorationsbuecher-zum-verschenken-an-sant-jordi\\\/#article\",\"isPartOf\":{\"@id\":\"https:\\\/\\\/www.espigul.com\\\/de\\\/7-dekorationsbuecher-zum-verschenken-an-sant-jordi\\\/\"},\"author\":{\"name\":\"Pol\",\"@id\":\"https:\\\/\\\/www.espigul.com\\\/de\\\/#\\\/schema\\\/person\\\/36a58e369cbd830f5585fdf230951201\"},\"headline\":\"7 Dekorationsb\u00fccher zum Verschenken an Sant Jordi\",\"datePublished\":\"2023-04-21T06:32:00+00:00\",\"mainEntityOfPage\":{\"@id\":\"https:\\\/\\\/www.espigul.com\\\/de\\\/7-dekorationsbuecher-zum-verschenken-an-sant-jordi\\\/\"},\"wordCount\":655,\"commentCount\":0,\"publisher\":{\"@id\":\"https:\\\/\\\/www.espigul.com\\\/de\\\/#organization\"},\"image\":{\"@id\":\"https:\\\/\\\/www.espigul.com\\\/de\\\/7-dekorationsbuecher-zum-verschenken-an-sant-jordi\\\/#primaryimage\"},\"thumbnailUrl\":\"https:\\\/\\\/www.espigul.com\\\/wp-content\\\/uploads\\\/2023\\\/06\\\/2267.jpg\",\"articleSection\":[\"Nicht kategorisiert\"],\"inLanguage\":\"de\",\"potentialAction\":[{\"@type\":\"CommentAction\",\"name\":\"Comment\",\"target\":[\"https:\\\/\\\/www.espigul.com\\\/de\\\/7-dekorationsbuecher-zum-verschenken-an-sant-jordi\\\/#respond\"]}]},{\"@type\":\"WebPage\",\"@id\":\"https:\\\/\\\/www.espigul.com\\\/de\\\/7-dekorationsbuecher-zum-verschenken-an-sant-jordi\\\/\",\"url\":\"https:\\\/\\\/www.espigul.com\\\/de\\\/7-dekorationsbuecher-zum-verschenken-an-sant-jordi\\\/\",\"name\":\"7 Dekorationsb\u00fccher zum Verschenken an Sant Jordi - Esp\u00edgul\",\"isPartOf\":{\"@id\":\"https:\\\/\\\/www.espigul.com\\\/de\\\/#website\"},\"primaryImageOfPage\":{\"@id\":\"https:\\\/\\\/www.espigul.com\\\/de\\\/7-dekorationsbuecher-zum-verschenken-an-sant-jordi\\\/#primaryimage\"},\"image\":{\"@id\":\"https:\\\/\\\/www.espigul.com\\\/de\\\/7-dekorationsbuecher-zum-verschenken-an-sant-jordi\\\/#primaryimage\"},\"thumbnailUrl\":\"https:\\\/\\\/www.espigul.com\\\/wp-content\\\/uploads\\\/2023\\\/06\\\/2267.jpg\",\"datePublished\":\"2023-04-21T06:32:00+00:00\",\"description\":\"Ein wichtiger Termin im Kalender f\u00fcr viele, an dem B\u00fccher und Rosen zu Symbolen der Liebe und Kultur werden. Wenn Sie B\u00fccher zum Verschenken an Sant Jordi\",\"breadcrumb\":{\"@id\":\"https:\\\/\\\/www.espigul.com\\\/de\\\/7-dekorationsbuecher-zum-verschenken-an-sant-jordi\\\/#breadcrumb\"},\"inLanguage\":\"de\",\"potentialAction\":[{\"@type\":\"ReadAction\",\"target\":[\"https:\\\/\\\/www.espigul.com\\\/de\\\/7-dekorationsbuecher-zum-verschenken-an-sant-jordi\\\/\"]}]},{\"@type\":\"ImageObject\",\"inLanguage\":\"de\",\"@id\":\"https:\\\/\\\/www.espigul.com\\\/de\\\/7-dekorationsbuecher-zum-verschenken-an-sant-jordi\\\/#primaryimage\",\"url\":\"https:\\\/\\\/www.espigul.com\\\/wp-content\\\/uploads\\\/2023\\\/06\\\/2267.jpg\",\"contentUrl\":\"https:\\\/\\\/www.espigul.com\\\/wp-content\\\/uploads\\\/2023\\\/06\\\/2267.jpg\",\"width\":840,\"height\":472},{\"@type\":\"BreadcrumbList\",\"@id\":\"https:\\\/\\\/www.espigul.com\\\/de\\\/7-dekorationsbuecher-zum-verschenken-an-sant-jordi\\\/#breadcrumb\",\"itemListElement\":[{\"@type\":\"ListItem\",\"position\":1,\"name\":\"Inici\",\"item\":\"https:\\\/\\\/www.espigul.com\\\/de\\\/\"},{\"@type\":\"ListItem\",\"position\":2,\"name\":\"7 Dekorationsb\u00fccher zum Verschenken an Sant Jordi\"}]},{\"@type\":\"WebSite\",\"@id\":\"https:\\\/\\\/www.espigul.com\\\/de\\\/#website\",\"url\":\"https:\\\/\\\/www.espigul.com\\\/de\\\/\",\"name\":\"Esp\u00edgul\",\"description\":\"La immobili\u00e0ria l\u00edder de Girona\",\"publisher\":{\"@id\":\"https:\\\/\\\/www.espigul.com\\\/de\\\/#organization\"},\"potentialAction\":[{\"@type\":\"SearchAction\",\"target\":{\"@type\":\"EntryPoint\",\"urlTemplate\":\"https:\\\/\\\/www.espigul.com\\\/de\\\/?s={search_term_string}\"},\"query-input\":{\"@type\":\"PropertyValueSpecification\",\"valueRequired\":true,\"valueName\":\"search_term_string\"}}],\"inLanguage\":\"de\"},{\"@type\":\"Organization\",\"@id\":\"https:\\\/\\\/www.espigul.com\\\/de\\\/#organization\",\"name\":\"Esp\u00edgul\",\"url\":\"https:\\\/\\\/www.espigul.com\\\/de\\\/\",\"logo\":{\"@type\":\"ImageObject\",\"inLanguage\":\"de\",\"@id\":\"https:\\\/\\\/www.espigul.com\\\/de\\\/#\\\/schema\\\/logo\\\/image\\\/\",\"url\":\"https:\\\/\\\/www.espigul.com\\\/wp-content\\\/uploads\\\/2023\\\/08\\\/espigul-block.png\",\"contentUrl\":\"https:\\\/\\\/www.espigul.com\\\/wp-content\\\/uploads\\\/2023\\\/08\\\/espigul-block.png\",\"width\":384,\"height\":240,\"caption\":\"Esp\u00edgul\"},\"image\":{\"@id\":\"https:\\\/\\\/www.espigul.com\\\/de\\\/#\\\/schema\\\/logo\\\/image\\\/\"},\"sameAs\":[\"https:\\\/\\\/www.instagram.com\\\/immoespigul\\\/\",\"https:\\\/\\\/www.youtube.com\\\/channel\\\/UCYyD-WWfbCFpCXau4SQOGKQ\"]},{\"@type\":\"Person\",\"@id\":\"https:\\\/\\\/www.espigul.com\\\/de\\\/#\\\/schema\\\/person\\\/36a58e369cbd830f5585fdf230951201\",\"name\":\"Pol\",\"image\":{\"@type\":\"ImageObject\",\"inLanguage\":\"de\",\"@id\":\"https:\\\/\\\/secure.gravatar.com\\\/avatar\\\/89add7bbf684b4a62e9dcc9ea3065fae26b3041c1485dd5dce8f6e9fbba39057?s=96&d=mm&r=g\",\"url\":\"https:\\\/\\\/secure.gravatar.com\\\/avatar\\\/89add7bbf684b4a62e9dcc9ea3065fae26b3041c1485dd5dce8f6e9fbba39057?s=96&d=mm&r=g\",\"contentUrl\":\"https:\\\/\\\/secure.gravatar.com\\\/avatar\\\/89add7bbf684b4a62e9dcc9ea3065fae26b3041c1485dd5dce8f6e9fbba39057?s=96&d=mm&r=g\",\"caption\":\"Pol\"},\"sameAs\":[\"https:\\\/\\\/www.espigul.com\\\/\"]}]}<\/script>\n<!-- \/ Yoast SEO plugin. -->","yoast_head_json":{"title":"7 Dekorationsb\u00fccher zum Verschenken an Sant Jordi - Esp\u00edgul","description":"Ein wichtiger Termin im Kalender f\u00fcr viele, an dem B\u00fccher und Rosen zu Symbolen der Liebe und Kultur werden. Wenn Sie B\u00fccher zum Verschenken an Sant Jordi","robots":{"index":"index","follow":"follow","max-snippet":"max-snippet:-1","max-image-preview":"max-image-preview:large","max-video-preview":"max-video-preview:-1"},"canonical":"https:\/\/www.espigul.com\/de\/7-dekorationsbuecher-zum-verschenken-an-sant-jordi\/","og_locale":"de_DE","og_type":"article","og_title":"7 Dekorationsb\u00fccher zum Verschenken an Sant Jordi - Esp\u00edgul","og_description":"Ein wichtiger Termin im Kalender f\u00fcr viele, an dem B\u00fccher und Rosen zu Symbolen der Liebe und Kultur werden. Wenn Sie B\u00fccher zum Verschenken an Sant Jordi","og_url":"https:\/\/www.espigul.com\/de\/7-dekorationsbuecher-zum-verschenken-an-sant-jordi\/","og_site_name":"Esp\u00edgul","article_published_time":"2023-04-21T06:32:00+00:00","og_image":[{"width":840,"height":472,"url":"https:\/\/www.espigul.com\/wp-content\/uploads\/2023\/06\/2267.jpg","type":"image\/jpeg"}],"author":"Pol","twitter_card":"summary_large_image","twitter_misc":{"Verfasst von":"Pol","Gesch\u00e4tzte Lesezeit":"3\u00a0Minuten"},"schema":{"@context":"https:\/\/schema.org","@graph":[{"@type":"Article","@id":"https:\/\/www.espigul.com\/de\/7-dekorationsbuecher-zum-verschenken-an-sant-jordi\/#article","isPartOf":{"@id":"https:\/\/www.espigul.com\/de\/7-dekorationsbuecher-zum-verschenken-an-sant-jordi\/"},"author":{"name":"Pol","@id":"https:\/\/www.espigul.com\/de\/#\/schema\/person\/36a58e369cbd830f5585fdf230951201"},"headline":"7 Dekorationsb\u00fccher zum Verschenken an Sant Jordi","datePublished":"2023-04-21T06:32:00+00:00","mainEntityOfPage":{"@id":"https:\/\/www.espigul.com\/de\/7-dekorationsbuecher-zum-verschenken-an-sant-jordi\/"},"wordCount":655,"commentCount":0,"publisher":{"@id":"https:\/\/www.espigul.com\/de\/#organization"},"image":{"@id":"https:\/\/www.espigul.com\/de\/7-dekorationsbuecher-zum-verschenken-an-sant-jordi\/#primaryimage"},"thumbnailUrl":"https:\/\/www.espigul.com\/wp-content\/uploads\/2023\/06\/2267.jpg","articleSection":["Nicht kategorisiert"],"inLanguage":"de","potentialAction":[{"@type":"CommentAction","name":"Comment","target":["https:\/\/www.espigul.com\/de\/7-dekorationsbuecher-zum-verschenken-an-sant-jordi\/#respond"]}]},{"@type":"WebPage","@id":"https:\/\/www.espigul.com\/de\/7-dekorationsbuecher-zum-verschenken-an-sant-jordi\/","url":"https:\/\/www.espigul.com\/de\/7-dekorationsbuecher-zum-verschenken-an-sant-jordi\/","name":"7 Dekorationsb\u00fccher zum Verschenken an Sant Jordi - Esp\u00edgul","isPartOf":{"@id":"https:\/\/www.espigul.com\/de\/#website"},"primaryImageOfPage":{"@id":"https:\/\/www.espigul.com\/de\/7-dekorationsbuecher-zum-verschenken-an-sant-jordi\/#primaryimage"},"image":{"@id":"https:\/\/www.espigul.com\/de\/7-dekorationsbuecher-zum-verschenken-an-sant-jordi\/#primaryimage"},"thumbnailUrl":"https:\/\/www.espigul.com\/wp-content\/uploads\/2023\/06\/2267.jpg","datePublished":"2023-04-21T06:32:00+00:00","description":"Ein wichtiger Termin im Kalender f\u00fcr viele, an dem B\u00fccher und Rosen zu Symbolen der Liebe und Kultur werden. Wenn Sie B\u00fccher zum Verschenken an Sant Jordi","breadcrumb":{"@id":"https:\/\/www.espigul.com\/de\/7-dekorationsbuecher-zum-verschenken-an-sant-jordi\/#breadcrumb"},"inLanguage":"de","potentialAction":[{"@type":"ReadAction","target":["https:\/\/www.espigul.com\/de\/7-dekorationsbuecher-zum-verschenken-an-sant-jordi\/"]}]},{"@type":"ImageObject","inLanguage":"de","@id":"https:\/\/www.espigul.com\/de\/7-dekorationsbuecher-zum-verschenken-an-sant-jordi\/#primaryimage","url":"https:\/\/www.espigul.com\/wp-content\/uploads\/2023\/06\/2267.jpg","contentUrl":"https:\/\/www.espigul.com\/wp-content\/uploads\/2023\/06\/2267.jpg","width":840,"height":472},{"@type":"BreadcrumbList","@id":"https:\/\/www.espigul.com\/de\/7-dekorationsbuecher-zum-verschenken-an-sant-jordi\/#breadcrumb","itemListElement":[{"@type":"ListItem","position":1,"name":"Inici","item":"https:\/\/www.espigul.com\/de\/"},{"@type":"ListItem","position":2,"name":"7 Dekorationsb\u00fccher zum Verschenken an Sant Jordi"}]},{"@type":"WebSite","@id":"https:\/\/www.espigul.com\/de\/#website","url":"https:\/\/www.espigul.com\/de\/","name":"Esp\u00edgul","description":"La immobili\u00e0ria l\u00edder de Girona","publisher":{"@id":"https:\/\/www.espigul.com\/de\/#organization"},"potentialAction":[{"@type":"SearchAction","target":{"@type":"EntryPoint","urlTemplate":"https:\/\/www.espigul.com\/de\/?s={search_term_string}"},"query-input":{"@type":"PropertyValueSpecification","valueRequired":true,"valueName":"search_term_string"}}],"inLanguage":"de"},{"@type":"Organization","@id":"https:\/\/www.espigul.com\/de\/#organization","name":"Esp\u00edgul","url":"https:\/\/www.espigul.com\/de\/","logo":{"@type":"ImageObject","inLanguage":"de","@id":"https:\/\/www.espigul.com\/de\/#\/schema\/logo\/image\/","url":"https:\/\/www.espigul.com\/wp-content\/uploads\/2023\/08\/espigul-block.png","contentUrl":"https:\/\/www.espigul.com\/wp-content\/uploads\/2023\/08\/espigul-block.png","width":384,"height":240,"caption":"Esp\u00edgul"},"image":{"@id":"https:\/\/www.espigul.com\/de\/#\/schema\/logo\/image\/"},"sameAs":["https:\/\/www.instagram.com\/immoespigul\/","https:\/\/www.youtube.com\/channel\/UCYyD-WWfbCFpCXau4SQOGKQ"]},{"@type":"Person","@id":"https:\/\/www.espigul.com\/de\/#\/schema\/person\/36a58e369cbd830f5585fdf230951201","name":"Pol","image":{"@type":"ImageObject","inLanguage":"de","@id":"https:\/\/secure.gravatar.com\/avatar\/89add7bbf684b4a62e9dcc9ea3065fae26b3041c1485dd5dce8f6e9fbba39057?s=96&d=mm&r=g","url":"https:\/\/secure.gravatar.com\/avatar\/89add7bbf684b4a62e9dcc9ea3065fae26b3041c1485dd5dce8f6e9fbba39057?s=96&d=mm&r=g","contentUrl":"https:\/\/secure.gravatar.com\/avatar\/89add7bbf684b4a62e9dcc9ea3065fae26b3041c1485dd5dce8f6e9fbba39057?s=96&d=mm&r=g","caption":"Pol"},"sameAs":["https:\/\/www.espigul.com\/"]}]}},"uagb_featured_image_src":{"full":["https:\/\/www.espigul.com\/wp-content\/uploads\/2023\/06\/2267.jpg",840,472,false],"thumbnail":["https:\/\/www.espigul.com\/wp-content\/uploads\/2023\/06\/2267.jpg",150,84,false],"medium":["https:\/\/www.espigul.com\/wp-content\/uploads\/2023\/06\/2267.jpg",400,225,false],"medium_large":["https:\/\/www.espigul.com\/wp-content\/uploads\/2023\/06\/2267.jpg",768,432,false],"large":["https:\/\/www.espigul.com\/wp-content\/uploads\/2023\/06\/2267.jpg",840,472,false],"1536x1536":["https:\/\/www.espigul.com\/wp-content\/uploads\/2023\/06\/2267.jpg",840,472,false],"2048x2048":["https:\/\/www.espigul.com\/wp-content\/uploads\/2023\/06\/2267.jpg",840,472,false],"gform-image-choice-sm":["https:\/\/www.espigul.com\/wp-content\/uploads\/2023\/06\/2267.jpg",300,169,false],"gform-image-choice-md":["https:\/\/www.espigul.com\/wp-content\/uploads\/2023\/06\/2267.jpg",400,225,false],"gform-image-choice-lg":["https:\/\/www.espigul.com\/wp-content\/uploads\/2023\/06\/2267.jpg",600,337,false]},"uagb_author_info":{"display_name":"Pol","author_link":"https:\/\/www.espigul.com\/de\/author\/pol\/"},"uagb_comment_info":0,"uagb_excerpt":"Ein wichtiger Termin im Kalender f\u00fcr viele, an dem B\u00fccher und Rosen zu Symbolen der Liebe und Kultur werden. Wenn Sie B\u00fccher zum Verschenken an Sant Jordi f\u00fcr jemanden suchen, der sein Zuhause und die Dekoration liebt, pr\u00e4sentieren wir Ihnen hier sieben B\u00fccher \u00fcber das Zuhause, die perfekt sein k\u00f6nnen. Empfehlungen Sant Jordi: &#8222;Das Haus...","_links":{"self":[{"href":"https:\/\/www.espigul.com\/de\/wp-json\/wp\/v2\/posts\/186900","targetHints":{"allow":["GET"]}}],"collection":[{"href":"https:\/\/www.espigul.com\/de\/wp-json\/wp\/v2\/posts"}],"about":[{"href":"https:\/\/www.espigul.com\/de\/wp-json\/wp\/v2\/types\/post"}],"author":[{"embeddable":true,"href":"https:\/\/www.espigul.com\/de\/wp-json\/wp\/v2\/users\/1"}],"replies":[{"embeddable":true,"href":"https:\/\/www.espigul.com\/de\/wp-json\/wp\/v2\/comments?post=186900"}],"version-history":[{"count":0,"href":"https:\/\/www.espigul.com\/de\/wp-json\/wp\/v2\/posts\/186900\/revisions"}],"wp:featuredmedia":[{"embeddable":true,"href":"https:\/\/www.espigul.com\/de\/wp-json\/wp\/v2\/media\/186901"}],"wp:attachment":[{"href":"https:\/\/www.espigul.com\/de\/wp-json\/wp\/v2\/media?parent=186900"}],"wp:term":[{"taxonomy":"category","embeddable":true,"href":"https:\/\/www.espigul.com\/de\/wp-json\/wp\/v2\/categories?post=186900"},{"taxonomy":"post_tag","embeddable":true,"href":"https:\/\/www.espigul.com\/de\/wp-json\/wp\/v2\/tags?post=186900"}],"curies":[{"name":"wp","href":"https:\/\/api.w.org\/{rel}","templated":true}]}}