{"id":186784,"date":"2024-12-05T09:29:00","date_gmt":"2024-12-05T07:29:00","guid":{"rendered":"https:\/\/www.espigul.com\/was-ist-ein-passivhaus-und-wie-ist-es-aufgebaut\/"},"modified":"2025-10-22T19:55:12","modified_gmt":"2025-10-22T17:55:12","slug":"was-ist-ein-passivhaus-und-wie-ist-es-aufgebaut","status":"publish","type":"post","link":"https:\/\/www.espigul.com\/de\/was-ist-ein-passivhaus-und-wie-ist-es-aufgebaut\/","title":{"rendered":"Was ist ein Passivhaus und wie ist es aufgebaut?"},"content":{"rendered":"\n<p>Der <strong>Bau von Passivh\u00e4usern<\/strong>, oder <strong>Passivhaus<\/strong>, entstand in Deutschland in den fr\u00fchen neunziger Jahren. Diese Art von Geb\u00e4uden sind ein Ma\u00dfstab f\u00fcr Energieeffizienz, da sie darauf ausgelegt sind, den Energieverbrauch maximal zu reduzieren. Sie nutzen Ressourcen der bioklimatischen und effizienten Architektur und erreichen so, dass ihr Energieverbrauch nahezu Null ist.  <\/p>\n\n<p><\/p>\n\n<h2 class=\"wp-block-heading\">Was ist ein Passivhaus?<\/h2>\n\n<p>Passivh\u00e4user sind Wohnungen, die so konzipiert sind, dass sie das ganze Jahr \u00fcber eine stabile Innentemperatur halten, die zwischen 20 \u00b0C im Winter und 25 \u00b0C im Sommer liegt, ohne dass herk\u00f6mmliche Heiz- oder K\u00fchlsysteme verwendet werden m\u00fcssen. Dank ihrer Bauweise bieten sie einen minimalen Energieverbrauch und garantieren Komfort und Effizienz zu jeder Jahreszeit. <\/p>\n\n<p><\/p>\n\n<h2 class=\"wp-block-heading\">Passivh\u00e4user und ihre Energieeffizienz<\/h2>\n\n<p>Passivh\u00e4user zeichnen sich durch die zahlreichen Vorteile aus, die sie bieten:<\/p>\n\n<ul class=\"wp-block-list\">\n<li><strong>Energieeffizienz<\/strong>: Dank ihrer Bauweise halten sie das ganze Jahr \u00fcber eine angenehme Temperatur und reduzieren den Energieverbrauch erheblich.<\/li>\n\n\n\n<li><strong>Nachhaltigkeit<\/strong>: Sie nutzen die indirekte Sonnenenergie, um die gew\u00fcnschte Temperatur zu erreichen, wodurch CO\u2082-Emissionen und Umweltbelastungen minimiert werden.<\/li>\n\n\n\n<li><strong>Rentabilit\u00e4t<\/strong>: Obwohl der anf\u00e4ngliche Bau teurer sein kann, gleichen die langfristigen Energieeinsparungen die Investition schnell aus.<\/li>\n\n\n\n<li><strong>Gesundheit und Wohlbefinden<\/strong>: Diese Wohnungen sind ruhig, staub- und feuchtigkeitsfrei und bieten eine saubere Raumluft, ideal f\u00fcr eine gesunde Umgebung.<\/li>\n<\/ul>\n\n<p><\/p>\n\n<h2 class=\"wp-block-heading\">Was muss ein Passivhaus haben?<\/h2>\n\n<p>Um alle Vorteile zu erzielen, die uns Passivh\u00e4user bieten, erkl\u00e4ren wir Ihnen im Folgenden, <strong>was ein Passivhaus haben muss<\/strong>:<\/p>\n\n<div class=\"wp-block-uagb-advanced-heading uagb-block-912b8a72\"><h3 class=\"uagb-heading-text\">W\u00e4rmed\u00e4mmung<\/h3><\/div>\n\n<p>Die D\u00e4mmung ist einer der wichtigsten Punkte. Ein Passivhaus muss \u00fcber D\u00e4mmstoffe f\u00fcr W\u00e4rme und K\u00e4lte verf\u00fcgen. Mit einer hochwertigen und ausreichenden W\u00e4rmed\u00e4mmung werden die W\u00e4rmeverluste sehr begrenzt.  <\/p>\n\n<h3 class=\"wp-block-heading\">Luftdichtheit<\/h3>\n\n<p>Jegliche Luftlecks sollten vermieden werden. Es sollten Risse, L\u00f6cher usw. \u00fcberwacht werden. Beim Bau eines Passivhauses m\u00fcssen diese Schwachstellen ber\u00fccksichtigt werden, damit keine Luftinfiltrationen entstehen. Es gibt Tests, um den Grad der Luftdichtheit eines Hauses zu \u00fcberpr\u00fcfen.  <\/p>\n\n<div class=\"wp-block-uagb-advanced-heading uagb-block-f746f97f\"><h3 class=\"uagb-heading-text\">Vermeidung oder Beseitigung von W\u00e4rmebr\u00fccken<\/h3><\/div>\n\n<p>Wir beziehen uns auf das Aufsp\u00fcren von Stellen, an denen W\u00e4rme entweicht, und deren Reparatur. In traditionellen Geb\u00e4uden und H\u00e4usern findet man h\u00e4ufig verschiedene Leckstellen, da diese beim Bau nicht ber\u00fccksichtigt werden. Dieses Problem wird durch eine kontinuierliche D\u00e4mmung ohne Unterbrechungen oder Schw\u00e4chungen gel\u00f6st. Die problematischsten Stellen sind T\u00fcren, Fenster, Balkone und D\u00e4cher.   <\/p>\n\n<div class=\"wp-block-uagb-advanced-heading uagb-block-f681b5f2\"><h3 class=\"uagb-heading-text\">Hochwertige T\u00fcren und Fenster<\/h3><\/div>\n\n<p>Um die maximale Effizienz zu gew\u00e4hrleisten, sollten sie mindestens zwei oder drei Scheiben haben. Die Qualit\u00e4t der Materialien von T\u00fcren und Fenstern ist ebenso wichtig wie deren Einbau. <\/p>\n\n<div class=\"wp-block-uagb-advanced-heading uagb-block-e36903c1\"><h3 class=\"uagb-heading-text\">Mechanische L\u00fcftung mit W\u00e4rmer\u00fcckgewinnung<\/h3><\/div>\n\n<p>Sicherstellen, dass die Luft im Haus gesund ist, ohne dass es zu Temperaturschwankungen kommt.<\/p>\n\n<p><\/p>\n\n<div class=\"wp-block-uagb-advanced-heading uagb-block-d0087eff\"><h2 class=\"uagb-heading-text\">Verbrauch eines Passivhauses<\/h2><\/div>\n\n<p>Der <strong>Energieverbrauch eines Passivhauses<\/strong> ist deutlich geringer als der eines traditionellen Hauses. Diese H\u00e4user sind so konzipiert, dass sie einen nahezu Null-Energieverbrauch aufweisen und nat\u00fcrliche Ressourcen wie Sonnenlicht und Querl\u00fcftung effizient nutzen. <br\/><br\/>Dank der W\u00e4rmed\u00e4mmung und Luftdichtheit werden die Heiz- und K\u00fchlkosten drastisch reduziert, was einer Reduzierung von bis zu 90 % im Vergleich zu herk\u00f6mmlichen Bauten entspricht. So kann beispielsweise der j\u00e4hrliche Energieverbrauch eines Passivhauses bei etwa 15 kWh\/m\u00b2 liegen, ein Wert, der weit unter dem von traditionellen H\u00e4usern liegt, die in der Regel \u00fcber 100 kWh\/m\u00b2 liegen. <br\/><br\/>Da diese H\u00e4user auf mechanische L\u00fcftungssysteme mit W\u00e4rmer\u00fcckgewinnung und erneuerbare Energiequellen angewiesen sind, reduzieren sie nicht nur die Umweltbelastung, sondern optimieren auch das Familienbudget langfristig.<\/p>\n\n<p><\/p>\n\n<h2 class=\"wp-block-heading\"> Bauen Sie Ihr Passivhaus mit Esp\u00edgul<\/h2>\n\n<p>Bei Esp\u00edgul ist es unsere Leidenschaft, einzigartige und nachhaltige Projekte zu realisieren. Wir wissen, dass Passivh\u00e4user aufgrund ihrer Energieeffizienz, Nachhaltigkeit und ihres Komforts die Zukunft des Bauens sind. Wenn Sie daran interessiert sind, Ihr Passivhaus in Girona zu bauen, steht Ihnen unser Expertenteam bei jedem Schritt des Prozesses zur Seite.  <br\/><br\/>Vom ersten Entwurf bis zur endg\u00fcltigen \u00dcbergabe k\u00fcmmern wir uns um alle Details, damit Sie ein an Ihre Bed\u00fcrfnisse angepasstes Zuhause genie\u00dfen k\u00f6nnen, sei es ein Passivhaus oder ein traditionelleres Projekt. <a href=\"https:\/\/www.espigul.com\/es\/contacto\/\">Kontaktieren Sie uns<\/a> und entdecken Sie, wie wir gemeinsam das Haus Ihrer Tr\u00e4ume bauen k\u00f6nnen.<br\/><br\/>Wenn Sie sich f\u00fcr nachhaltiges Wohnen interessieren, k\u00f6nnen Sie sich unseren vorherigen Beitrag ansehen: <a href=\"https:\/\/www.espigul.com\/es\/descubre-las-casas-sostenibles-en-girona-costa-brava-y-sant-cugat\/\">Entdecken Sie die nachhaltigen H\u00e4user in Girona, Costa Brava und Sant Cugat<\/a>.<br\/><\/p>\n\n<p><\/p>\n","protected":false},"excerpt":{"rendered":"<p>Der Bau von Passivh\u00e4usern, oder Passivhaus, entstand in Deutschland in den fr\u00fchen neunziger Jahren. Diese Art von Geb\u00e4uden sind ein Ma\u00dfstab f\u00fcr Energieeffizienz, da sie darauf ausgelegt sind, den Energieverbrauch maximal zu reduzieren. Sie nutzen Ressourcen der bioklimatischen und effizienten Architektur und erreichen so, dass ihr Energieverbrauch nahezu Null ist. Was ist ein Passivhaus? Passivh\u00e4user&#8230;<\/p>\n","protected":false},"author":1,"featured_media":186786,"comment_status":"open","ping_status":"open","sticky":false,"template":"","format":"standard","meta":{"_acf_changed":false,"_uag_custom_page_level_css":"","footnotes":""},"categories":[319],"tags":[],"class_list":["post-186784","post","type-post","status-publish","format-standard","has-post-thumbnail","hentry","category-nicht-kategorisiert"],"acf":[],"yoast_head":"<!-- This site is optimized with the Yoast SEO plugin v27.4 - https:\/\/yoast.com\/product\/yoast-seo-wordpress\/ -->\n<title>Was ist ein Passivhaus und wie ist es aufgebaut? - Esp\u00edgul<\/title>\n<meta name=\"description\" content=\"Was ist ein Passivhaus und wie ist es aufgebaut: Effiziente, nachhaltige und gesunde Wohnungen, die Energie sparen und die Umwelt schonen.\" \/>\n<meta name=\"robots\" content=\"index, follow, max-snippet:-1, max-image-preview:large, max-video-preview:-1\" \/>\n<link rel=\"canonical\" href=\"https:\/\/www.espigul.com\/de\/was-ist-ein-passivhaus-und-wie-ist-es-aufgebaut\/\" \/>\n<meta property=\"og:locale\" content=\"de_DE\" \/>\n<meta property=\"og:type\" content=\"article\" \/>\n<meta property=\"og:title\" content=\"Was ist ein Passivhaus und wie ist es aufgebaut? - Esp\u00edgul\" \/>\n<meta property=\"og:description\" content=\"Was ist ein Passivhaus und wie ist es aufgebaut: Effiziente, nachhaltige und gesunde Wohnungen, die Energie sparen und die Umwelt schonen.\" \/>\n<meta property=\"og:url\" content=\"https:\/\/www.espigul.com\/de\/was-ist-ein-passivhaus-und-wie-ist-es-aufgebaut\/\" \/>\n<meta property=\"og:site_name\" content=\"Esp\u00edgul\" \/>\n<meta property=\"article:published_time\" content=\"2024-12-05T07:29:00+00:00\" \/>\n<meta property=\"article:modified_time\" content=\"2025-10-22T17:55:12+00:00\" \/>\n<meta property=\"og:image\" content=\"https:\/\/www.espigul.com\/wp-content\/uploads\/2023\/06\/862.jpg\" \/>\n\t<meta property=\"og:image:width\" content=\"840\" \/>\n\t<meta property=\"og:image:height\" content=\"472\" \/>\n\t<meta property=\"og:image:type\" content=\"image\/jpeg\" \/>\n<meta name=\"author\" content=\"Pol\" \/>\n<meta name=\"twitter:card\" content=\"summary_large_image\" \/>\n<meta name=\"twitter:label1\" content=\"Verfasst von\" \/>\n\t<meta name=\"twitter:data1\" content=\"Pol\" \/>\n\t<meta name=\"twitter:label2\" content=\"Gesch\u00e4tzte Lesezeit\" \/>\n\t<meta name=\"twitter:data2\" content=\"4\u00a0Minuten\" \/>\n<script type=\"application\/ld+json\" class=\"yoast-schema-graph\">{\"@context\":\"https:\\\/\\\/schema.org\",\"@graph\":[{\"@type\":\"Article\",\"@id\":\"https:\\\/\\\/www.espigul.com\\\/de\\\/was-ist-ein-passivhaus-und-wie-ist-es-aufgebaut\\\/#article\",\"isPartOf\":{\"@id\":\"https:\\\/\\\/www.espigul.com\\\/de\\\/was-ist-ein-passivhaus-und-wie-ist-es-aufgebaut\\\/\"},\"author\":{\"name\":\"Pol\",\"@id\":\"https:\\\/\\\/www.espigul.com\\\/de\\\/#\\\/schema\\\/person\\\/36a58e369cbd830f5585fdf230951201\"},\"headline\":\"Was ist ein Passivhaus und wie ist es aufgebaut?\",\"datePublished\":\"2024-12-05T07:29:00+00:00\",\"dateModified\":\"2025-10-22T17:55:12+00:00\",\"mainEntityOfPage\":{\"@id\":\"https:\\\/\\\/www.espigul.com\\\/de\\\/was-ist-ein-passivhaus-und-wie-ist-es-aufgebaut\\\/\"},\"wordCount\":723,\"commentCount\":0,\"publisher\":{\"@id\":\"https:\\\/\\\/www.espigul.com\\\/de\\\/#organization\"},\"image\":{\"@id\":\"https:\\\/\\\/www.espigul.com\\\/de\\\/was-ist-ein-passivhaus-und-wie-ist-es-aufgebaut\\\/#primaryimage\"},\"thumbnailUrl\":\"https:\\\/\\\/www.espigul.com\\\/wp-content\\\/uploads\\\/2023\\\/06\\\/862.jpg\",\"articleSection\":[\"Nicht kategorisiert\"],\"inLanguage\":\"de\",\"potentialAction\":[{\"@type\":\"CommentAction\",\"name\":\"Comment\",\"target\":[\"https:\\\/\\\/www.espigul.com\\\/de\\\/was-ist-ein-passivhaus-und-wie-ist-es-aufgebaut\\\/#respond\"]}]},{\"@type\":\"WebPage\",\"@id\":\"https:\\\/\\\/www.espigul.com\\\/de\\\/was-ist-ein-passivhaus-und-wie-ist-es-aufgebaut\\\/\",\"url\":\"https:\\\/\\\/www.espigul.com\\\/de\\\/was-ist-ein-passivhaus-und-wie-ist-es-aufgebaut\\\/\",\"name\":\"Was ist ein Passivhaus und wie ist es aufgebaut? - Esp\u00edgul\",\"isPartOf\":{\"@id\":\"https:\\\/\\\/www.espigul.com\\\/de\\\/#website\"},\"primaryImageOfPage\":{\"@id\":\"https:\\\/\\\/www.espigul.com\\\/de\\\/was-ist-ein-passivhaus-und-wie-ist-es-aufgebaut\\\/#primaryimage\"},\"image\":{\"@id\":\"https:\\\/\\\/www.espigul.com\\\/de\\\/was-ist-ein-passivhaus-und-wie-ist-es-aufgebaut\\\/#primaryimage\"},\"thumbnailUrl\":\"https:\\\/\\\/www.espigul.com\\\/wp-content\\\/uploads\\\/2023\\\/06\\\/862.jpg\",\"datePublished\":\"2024-12-05T07:29:00+00:00\",\"dateModified\":\"2025-10-22T17:55:12+00:00\",\"description\":\"Was ist ein Passivhaus und wie ist es aufgebaut: Effiziente, nachhaltige und gesunde Wohnungen, die Energie sparen und die Umwelt schonen.\",\"breadcrumb\":{\"@id\":\"https:\\\/\\\/www.espigul.com\\\/de\\\/was-ist-ein-passivhaus-und-wie-ist-es-aufgebaut\\\/#breadcrumb\"},\"inLanguage\":\"de\",\"potentialAction\":[{\"@type\":\"ReadAction\",\"target\":[\"https:\\\/\\\/www.espigul.com\\\/de\\\/was-ist-ein-passivhaus-und-wie-ist-es-aufgebaut\\\/\"]}]},{\"@type\":\"ImageObject\",\"inLanguage\":\"de\",\"@id\":\"https:\\\/\\\/www.espigul.com\\\/de\\\/was-ist-ein-passivhaus-und-wie-ist-es-aufgebaut\\\/#primaryimage\",\"url\":\"https:\\\/\\\/www.espigul.com\\\/wp-content\\\/uploads\\\/2023\\\/06\\\/862.jpg\",\"contentUrl\":\"https:\\\/\\\/www.espigul.com\\\/wp-content\\\/uploads\\\/2023\\\/06\\\/862.jpg\",\"width\":840,\"height\":472},{\"@type\":\"BreadcrumbList\",\"@id\":\"https:\\\/\\\/www.espigul.com\\\/de\\\/was-ist-ein-passivhaus-und-wie-ist-es-aufgebaut\\\/#breadcrumb\",\"itemListElement\":[{\"@type\":\"ListItem\",\"position\":1,\"name\":\"Inici\",\"item\":\"https:\\\/\\\/www.espigul.com\\\/de\\\/\"},{\"@type\":\"ListItem\",\"position\":2,\"name\":\"Was ist ein Passivhaus und wie ist es aufgebaut?\"}]},{\"@type\":\"WebSite\",\"@id\":\"https:\\\/\\\/www.espigul.com\\\/de\\\/#website\",\"url\":\"https:\\\/\\\/www.espigul.com\\\/de\\\/\",\"name\":\"Esp\u00edgul\",\"description\":\"La immobili\u00e0ria l\u00edder de Girona\",\"publisher\":{\"@id\":\"https:\\\/\\\/www.espigul.com\\\/de\\\/#organization\"},\"potentialAction\":[{\"@type\":\"SearchAction\",\"target\":{\"@type\":\"EntryPoint\",\"urlTemplate\":\"https:\\\/\\\/www.espigul.com\\\/de\\\/?s={search_term_string}\"},\"query-input\":{\"@type\":\"PropertyValueSpecification\",\"valueRequired\":true,\"valueName\":\"search_term_string\"}}],\"inLanguage\":\"de\"},{\"@type\":\"Organization\",\"@id\":\"https:\\\/\\\/www.espigul.com\\\/de\\\/#organization\",\"name\":\"Esp\u00edgul\",\"url\":\"https:\\\/\\\/www.espigul.com\\\/de\\\/\",\"logo\":{\"@type\":\"ImageObject\",\"inLanguage\":\"de\",\"@id\":\"https:\\\/\\\/www.espigul.com\\\/de\\\/#\\\/schema\\\/logo\\\/image\\\/\",\"url\":\"https:\\\/\\\/www.espigul.com\\\/wp-content\\\/uploads\\\/2023\\\/08\\\/espigul-block.png\",\"contentUrl\":\"https:\\\/\\\/www.espigul.com\\\/wp-content\\\/uploads\\\/2023\\\/08\\\/espigul-block.png\",\"width\":384,\"height\":240,\"caption\":\"Esp\u00edgul\"},\"image\":{\"@id\":\"https:\\\/\\\/www.espigul.com\\\/de\\\/#\\\/schema\\\/logo\\\/image\\\/\"},\"sameAs\":[\"https:\\\/\\\/www.instagram.com\\\/immoespigul\\\/\",\"https:\\\/\\\/www.youtube.com\\\/channel\\\/UCYyD-WWfbCFpCXau4SQOGKQ\"]},{\"@type\":\"Person\",\"@id\":\"https:\\\/\\\/www.espigul.com\\\/de\\\/#\\\/schema\\\/person\\\/36a58e369cbd830f5585fdf230951201\",\"name\":\"Pol\",\"image\":{\"@type\":\"ImageObject\",\"inLanguage\":\"de\",\"@id\":\"https:\\\/\\\/secure.gravatar.com\\\/avatar\\\/89add7bbf684b4a62e9dcc9ea3065fae26b3041c1485dd5dce8f6e9fbba39057?s=96&d=mm&r=g\",\"url\":\"https:\\\/\\\/secure.gravatar.com\\\/avatar\\\/89add7bbf684b4a62e9dcc9ea3065fae26b3041c1485dd5dce8f6e9fbba39057?s=96&d=mm&r=g\",\"contentUrl\":\"https:\\\/\\\/secure.gravatar.com\\\/avatar\\\/89add7bbf684b4a62e9dcc9ea3065fae26b3041c1485dd5dce8f6e9fbba39057?s=96&d=mm&r=g\",\"caption\":\"Pol\"},\"sameAs\":[\"https:\\\/\\\/www.espigul.com\\\/\"]}]}<\/script>\n<!-- \/ Yoast SEO plugin. -->","yoast_head_json":{"title":"Was ist ein Passivhaus und wie ist es aufgebaut? - Esp\u00edgul","description":"Was ist ein Passivhaus und wie ist es aufgebaut: Effiziente, nachhaltige und gesunde Wohnungen, die Energie sparen und die Umwelt schonen.","robots":{"index":"index","follow":"follow","max-snippet":"max-snippet:-1","max-image-preview":"max-image-preview:large","max-video-preview":"max-video-preview:-1"},"canonical":"https:\/\/www.espigul.com\/de\/was-ist-ein-passivhaus-und-wie-ist-es-aufgebaut\/","og_locale":"de_DE","og_type":"article","og_title":"Was ist ein Passivhaus und wie ist es aufgebaut? - Esp\u00edgul","og_description":"Was ist ein Passivhaus und wie ist es aufgebaut: Effiziente, nachhaltige und gesunde Wohnungen, die Energie sparen und die Umwelt schonen.","og_url":"https:\/\/www.espigul.com\/de\/was-ist-ein-passivhaus-und-wie-ist-es-aufgebaut\/","og_site_name":"Esp\u00edgul","article_published_time":"2024-12-05T07:29:00+00:00","article_modified_time":"2025-10-22T17:55:12+00:00","og_image":[{"width":840,"height":472,"url":"https:\/\/www.espigul.com\/wp-content\/uploads\/2023\/06\/862.jpg","type":"image\/jpeg"}],"author":"Pol","twitter_card":"summary_large_image","twitter_misc":{"Verfasst von":"Pol","Gesch\u00e4tzte Lesezeit":"4\u00a0Minuten"},"schema":{"@context":"https:\/\/schema.org","@graph":[{"@type":"Article","@id":"https:\/\/www.espigul.com\/de\/was-ist-ein-passivhaus-und-wie-ist-es-aufgebaut\/#article","isPartOf":{"@id":"https:\/\/www.espigul.com\/de\/was-ist-ein-passivhaus-und-wie-ist-es-aufgebaut\/"},"author":{"name":"Pol","@id":"https:\/\/www.espigul.com\/de\/#\/schema\/person\/36a58e369cbd830f5585fdf230951201"},"headline":"Was ist ein Passivhaus und wie ist es aufgebaut?","datePublished":"2024-12-05T07:29:00+00:00","dateModified":"2025-10-22T17:55:12+00:00","mainEntityOfPage":{"@id":"https:\/\/www.espigul.com\/de\/was-ist-ein-passivhaus-und-wie-ist-es-aufgebaut\/"},"wordCount":723,"commentCount":0,"publisher":{"@id":"https:\/\/www.espigul.com\/de\/#organization"},"image":{"@id":"https:\/\/www.espigul.com\/de\/was-ist-ein-passivhaus-und-wie-ist-es-aufgebaut\/#primaryimage"},"thumbnailUrl":"https:\/\/www.espigul.com\/wp-content\/uploads\/2023\/06\/862.jpg","articleSection":["Nicht kategorisiert"],"inLanguage":"de","potentialAction":[{"@type":"CommentAction","name":"Comment","target":["https:\/\/www.espigul.com\/de\/was-ist-ein-passivhaus-und-wie-ist-es-aufgebaut\/#respond"]}]},{"@type":"WebPage","@id":"https:\/\/www.espigul.com\/de\/was-ist-ein-passivhaus-und-wie-ist-es-aufgebaut\/","url":"https:\/\/www.espigul.com\/de\/was-ist-ein-passivhaus-und-wie-ist-es-aufgebaut\/","name":"Was ist ein Passivhaus und wie ist es aufgebaut? - Esp\u00edgul","isPartOf":{"@id":"https:\/\/www.espigul.com\/de\/#website"},"primaryImageOfPage":{"@id":"https:\/\/www.espigul.com\/de\/was-ist-ein-passivhaus-und-wie-ist-es-aufgebaut\/#primaryimage"},"image":{"@id":"https:\/\/www.espigul.com\/de\/was-ist-ein-passivhaus-und-wie-ist-es-aufgebaut\/#primaryimage"},"thumbnailUrl":"https:\/\/www.espigul.com\/wp-content\/uploads\/2023\/06\/862.jpg","datePublished":"2024-12-05T07:29:00+00:00","dateModified":"2025-10-22T17:55:12+00:00","description":"Was ist ein Passivhaus und wie ist es aufgebaut: Effiziente, nachhaltige und gesunde Wohnungen, die Energie sparen und die Umwelt schonen.","breadcrumb":{"@id":"https:\/\/www.espigul.com\/de\/was-ist-ein-passivhaus-und-wie-ist-es-aufgebaut\/#breadcrumb"},"inLanguage":"de","potentialAction":[{"@type":"ReadAction","target":["https:\/\/www.espigul.com\/de\/was-ist-ein-passivhaus-und-wie-ist-es-aufgebaut\/"]}]},{"@type":"ImageObject","inLanguage":"de","@id":"https:\/\/www.espigul.com\/de\/was-ist-ein-passivhaus-und-wie-ist-es-aufgebaut\/#primaryimage","url":"https:\/\/www.espigul.com\/wp-content\/uploads\/2023\/06\/862.jpg","contentUrl":"https:\/\/www.espigul.com\/wp-content\/uploads\/2023\/06\/862.jpg","width":840,"height":472},{"@type":"BreadcrumbList","@id":"https:\/\/www.espigul.com\/de\/was-ist-ein-passivhaus-und-wie-ist-es-aufgebaut\/#breadcrumb","itemListElement":[{"@type":"ListItem","position":1,"name":"Inici","item":"https:\/\/www.espigul.com\/de\/"},{"@type":"ListItem","position":2,"name":"Was ist ein Passivhaus und wie ist es aufgebaut?"}]},{"@type":"WebSite","@id":"https:\/\/www.espigul.com\/de\/#website","url":"https:\/\/www.espigul.com\/de\/","name":"Esp\u00edgul","description":"La immobili\u00e0ria l\u00edder de Girona","publisher":{"@id":"https:\/\/www.espigul.com\/de\/#organization"},"potentialAction":[{"@type":"SearchAction","target":{"@type":"EntryPoint","urlTemplate":"https:\/\/www.espigul.com\/de\/?s={search_term_string}"},"query-input":{"@type":"PropertyValueSpecification","valueRequired":true,"valueName":"search_term_string"}}],"inLanguage":"de"},{"@type":"Organization","@id":"https:\/\/www.espigul.com\/de\/#organization","name":"Esp\u00edgul","url":"https:\/\/www.espigul.com\/de\/","logo":{"@type":"ImageObject","inLanguage":"de","@id":"https:\/\/www.espigul.com\/de\/#\/schema\/logo\/image\/","url":"https:\/\/www.espigul.com\/wp-content\/uploads\/2023\/08\/espigul-block.png","contentUrl":"https:\/\/www.espigul.com\/wp-content\/uploads\/2023\/08\/espigul-block.png","width":384,"height":240,"caption":"Esp\u00edgul"},"image":{"@id":"https:\/\/www.espigul.com\/de\/#\/schema\/logo\/image\/"},"sameAs":["https:\/\/www.instagram.com\/immoespigul\/","https:\/\/www.youtube.com\/channel\/UCYyD-WWfbCFpCXau4SQOGKQ"]},{"@type":"Person","@id":"https:\/\/www.espigul.com\/de\/#\/schema\/person\/36a58e369cbd830f5585fdf230951201","name":"Pol","image":{"@type":"ImageObject","inLanguage":"de","@id":"https:\/\/secure.gravatar.com\/avatar\/89add7bbf684b4a62e9dcc9ea3065fae26b3041c1485dd5dce8f6e9fbba39057?s=96&d=mm&r=g","url":"https:\/\/secure.gravatar.com\/avatar\/89add7bbf684b4a62e9dcc9ea3065fae26b3041c1485dd5dce8f6e9fbba39057?s=96&d=mm&r=g","contentUrl":"https:\/\/secure.gravatar.com\/avatar\/89add7bbf684b4a62e9dcc9ea3065fae26b3041c1485dd5dce8f6e9fbba39057?s=96&d=mm&r=g","caption":"Pol"},"sameAs":["https:\/\/www.espigul.com\/"]}]}},"uagb_featured_image_src":{"full":["https:\/\/www.espigul.com\/wp-content\/uploads\/2023\/06\/862.jpg",840,472,false],"thumbnail":["https:\/\/www.espigul.com\/wp-content\/uploads\/2023\/06\/862.jpg",150,84,false],"medium":["https:\/\/www.espigul.com\/wp-content\/uploads\/2023\/06\/862.jpg",400,225,false],"medium_large":["https:\/\/www.espigul.com\/wp-content\/uploads\/2023\/06\/862.jpg",768,432,false],"large":["https:\/\/www.espigul.com\/wp-content\/uploads\/2023\/06\/862.jpg",840,472,false],"1536x1536":["https:\/\/www.espigul.com\/wp-content\/uploads\/2023\/06\/862.jpg",840,472,false],"2048x2048":["https:\/\/www.espigul.com\/wp-content\/uploads\/2023\/06\/862.jpg",840,472,false],"gform-image-choice-sm":["https:\/\/www.espigul.com\/wp-content\/uploads\/2023\/06\/862.jpg",300,169,false],"gform-image-choice-md":["https:\/\/www.espigul.com\/wp-content\/uploads\/2023\/06\/862.jpg",400,225,false],"gform-image-choice-lg":["https:\/\/www.espigul.com\/wp-content\/uploads\/2023\/06\/862.jpg",600,337,false]},"uagb_author_info":{"display_name":"Pol","author_link":"https:\/\/www.espigul.com\/de\/author\/pol\/"},"uagb_comment_info":0,"uagb_excerpt":"Der Bau von Passivh\u00e4usern, oder Passivhaus, entstand in Deutschland in den fr\u00fchen neunziger Jahren. Diese Art von Geb\u00e4uden sind ein Ma\u00dfstab f\u00fcr Energieeffizienz, da sie darauf ausgelegt sind, den Energieverbrauch maximal zu reduzieren. Sie nutzen Ressourcen der bioklimatischen und effizienten Architektur und erreichen so, dass ihr Energieverbrauch nahezu Null ist. Was ist ein Passivhaus? Passivh\u00e4user...","_links":{"self":[{"href":"https:\/\/www.espigul.com\/de\/wp-json\/wp\/v2\/posts\/186784","targetHints":{"allow":["GET"]}}],"collection":[{"href":"https:\/\/www.espigul.com\/de\/wp-json\/wp\/v2\/posts"}],"about":[{"href":"https:\/\/www.espigul.com\/de\/wp-json\/wp\/v2\/types\/post"}],"author":[{"embeddable":true,"href":"https:\/\/www.espigul.com\/de\/wp-json\/wp\/v2\/users\/1"}],"replies":[{"embeddable":true,"href":"https:\/\/www.espigul.com\/de\/wp-json\/wp\/v2\/comments?post=186784"}],"version-history":[{"count":1,"href":"https:\/\/www.espigul.com\/de\/wp-json\/wp\/v2\/posts\/186784\/revisions"}],"predecessor-version":[{"id":186788,"href":"https:\/\/www.espigul.com\/de\/wp-json\/wp\/v2\/posts\/186784\/revisions\/186788"}],"wp:featuredmedia":[{"embeddable":true,"href":"https:\/\/www.espigul.com\/de\/wp-json\/wp\/v2\/media\/186786"}],"wp:attachment":[{"href":"https:\/\/www.espigul.com\/de\/wp-json\/wp\/v2\/media?parent=186784"}],"wp:term":[{"taxonomy":"category","embeddable":true,"href":"https:\/\/www.espigul.com\/de\/wp-json\/wp\/v2\/categories?post=186784"},{"taxonomy":"post_tag","embeddable":true,"href":"https:\/\/www.espigul.com\/de\/wp-json\/wp\/v2\/tags?post=186784"}],"curies":[{"name":"wp","href":"https:\/\/api.w.org\/{rel}","templated":true}]}}