{"id":185023,"date":"2022-12-14T09:45:00","date_gmt":"2022-12-14T07:45:00","guid":{"rendered":"https:\/\/www.espigul.com\/alles-was-sie-ueber-mietbeihilfen-fuer-junge-menschen-wissen-sollten\/"},"modified":"2026-03-19T11:56:29","modified_gmt":"2026-03-19T09:56:29","slug":"alles-was-sie-ueber-mietbeihilfen-fuer-junge-menschen-wissen-sollten","status":"publish","type":"post","link":"https:\/\/www.espigul.com\/de\/alles-was-sie-ueber-mietbeihilfen-fuer-junge-menschen-wissen-sollten\/","title":{"rendered":"Alles, was Sie \u00fcber Mietbeihilfen f\u00fcr junge Menschen wissen sollten"},"content":{"rendered":"<p>Tats\u00e4chlich ist die spanische Jugend in Bezug auf Entwicklung und Unabh\u00e4ngigkeit die f\u00fcnftletzte in Europa. Nur 19,4 % der Spanier werden vor dem 30. Lebensjahr unabh\u00e4ngig, und die meisten davon mit 29 Jahren, dem Durchschnittsalter der Emanzipation im Staat.<\/p>\n<p>Gl\u00fccklicherweise gibt es verschiedene finanzielle Hilfen f\u00fcr junge Menschen, die den Zugang zu Wohnraum erleichtern sollen. In diesem Beitrag stellen wir Ihnen die 2 wichtigsten vor!<\/p>\n<p><b><u>BONUS F\u00dcR JUNGE MIETER<br \/>\n<\/u><\/b><\/p>\n<p>Der Bonus f\u00fcr junge Mieter ist eine monatliche Beihilfe, die von der spanischen Regierung genehmigt wurde und von jeder autonomen Gemeinschaft verwaltet wird. Sie soll jungen Menschen das Mieten einer Wohnung erleichtern, damit sie es etwas leichter haben, auf eigenen F\u00fc\u00dfen zu stehen.<\/p>\n<ul>\n<li><b>Voraussetzungen<br \/>\n<\/b><\/li>\n<\/ul>\n<p>Vollj\u00e4hrig und unter 35 Jahre alt (einschlie\u00dflich) zum Zeitpunkt der Antragstellung.<\/p>\n<p>Inhaber des Mietvertrags f\u00fcr die gemietete Wohnung oder das gemietete Zimmer sein.<\/p>\n<p>In der Wohnung, f\u00fcr die die Hilfe beantragt wird, gemeldet sein und dort wohnen.<\/p>\n<p>Ein regelm\u00e4\u00dfiges Einkommen von maximal 24.301,51 Euro pro Jahr haben und die Zahlungen p\u00fcnktlich leisten.<\/p>\n<ul>\n<li><b>Grenze der Miete<br \/>\n<\/b><\/li>\n<\/ul>\n<p>Je nach Wohngebiet und Art der Unterkunft gibt es unterschiedliche Grenzen, sehen wir uns das an.<\/p>\n<p>Bez\u00fcglich der Miete einer ganzen Wohnung:<\/p>\n<ol>\n<li>Metropolregion Barcelona (Baix Llobregat, Barcelon\u00e8s, Maresme, Vall\u00e8s Occidental, Vall\u00e8s Oriental): 900 Euro.<\/li>\n<li>Rest des Bezirks Barcelona und Bezirk Girona: 650 Euro.<\/li>\n<li>Bezirk Lleida, Tarragona und Terres de l&#8217;Ebre: 600 Euro<\/li>\n<\/ol>\n<p>Und wenn es sich nur um ein Zimmer handelt:<\/p>\n<ol>\n<li>Metropolregion Barcelona (Baix Llobregat, Barcelon\u00e8s, Maresme, Vall\u00e8s Occidental, Vall\u00e8s Oriental): 450 Euro.<\/li>\n<li>Rest des Bezirks Barcelona und Bezirk Girona: 350 Euro.<\/li>\n<li>Bezirk Lleida, Tarragona und Terres de l&#8217;Ebre: 300 Euro.<\/li>\n<\/ol>\n<ul>\n<li><b>H\u00f6he der Beihilfe<\/b><\/li>\n<\/ul>\n<p>Die Beihilfe betr\u00e4gt 6.000 Euro, verteilt auf 24 Monatsraten von je 250 Euro, d. h. 2 Jahre.<\/p>\n<ul>\n<li><b>Wie man sie beantragt<br \/>\n<\/b><\/li>\n<\/ul>\n<p>Um die Hilfe zu beantragen, kann man dies pers\u00f6nlich in den lokalen B\u00fcros oder telematisch auf der Website des Ministeriums f\u00fcr Verkehr, Mobilit\u00e4t und st\u00e4dtische Agenda tun.<\/p>\n<p><b><u>STAATLICHER WOHNUNGSBAUPLAN<br \/>\n<\/u><\/b><\/p>\n<p>Der staatliche Wohnungsbauplan ist ein vom Staat erlassenes Gesetz, das eine Reihe von Mietbeihilfen vorsieht, um Bev\u00f6lkerungsgruppen mit geringen wirtschaftlichen Mitteln den Zugang zu einer Mietwohnung und den Verbleib in dieser zu erleichtern.<\/p>\n<p>Diese Beihilfen werden \u00fcber die autonomen Gemeinschaften abgewickelt, so dass es bestimmte Aspekte gibt, die je nach der Gemeinschaft, in der wir uns befinden, variieren. Es ist auch hinzuzuf\u00fcgen, dass diese Beihilfen je nach den von den Gemeinschaften selbst festgelegten Terminen aktiviert werden.<\/p>\n<ul>\n<li><b>Voraussetzungen<br \/>\n<\/b><\/li>\n<\/ul>\n<p>Vollj\u00e4hrig und unter 35 Jahre alt (einschlie\u00dflich) zum Zeitpunkt der Antragstellung.<\/p>\n<p>Inhaber eines Vertrags oder in der Lage sein, einen Vertrag zu unterzeichnen \u00fcber: Mietvertrag f\u00fcr eine Wohnung als Mieter, Nutzungs\u00fcberlassung als Zessionar oder Miete oder Nutzungs\u00fcberlassung eines Zimmers als Mieter oder Zessionar.<\/p>\n<p>Dass die Wohnung Ihr gew\u00f6hnlicher und dauerhafter Wohnsitz ist.<\/p>\n<p>Die j\u00e4hrlichen Eink\u00fcnfte aller Personen, die in der Wohnung wohnen, f\u00fcr die die Hilfe beantragt wird, m\u00fcssen gleich oder niedriger als das Dreifache des IPREM (24.318,84 \u20ac) sein.<\/p>\n<p>Achtung! Es ist das Vierfache des IPREM f\u00fcr Kinder von Opfern von geschlechtsspezifischer Gewalt und das F\u00fcnffache des IPREM f\u00fcr Personen mit einem Grad der Behinderung von 33 % oder mehr.<\/p>\n<ul>\n<li><b>Grenze der Miete<br \/>\n<\/b><\/li>\n<\/ul>\n<p>Die monatliche Miete darf 600 \u20ac nicht \u00fcbersteigen, erweiterbar auf 900 \u20ac durch die Autonome Gemeinschaft.<\/p>\n<p>Wenn Sie nur ein Zimmer gemietet oder zur Nutzung \u00fcberlassen haben, darf die Miete 300 \u20ac pro Monat nicht \u00fcbersteigen, oder 450 \u20ac, wenn die Gemeinschaft dies rechtfertigt!<\/p>\n<ul>\n<li><b>H\u00f6he der Beihilfe<br \/>\n<\/b><\/li>\n<\/ul>\n<p>Die H\u00f6he dieser Beihilfen betr\u00e4gt bis zu 50 % der monatlichen Miete der gew\u00f6hnlichen Wohnung, und zwar 5 Jahre lang!<\/p>\n<ul>\n<li><b>Wie man sie beantragt<br \/>\n<\/b><\/li>\n<\/ul>\n<p>Die Mietbeihilfen werden \u00fcber die Autonomen Gemeinschaften verwaltet. Daher ist es notwendig, sich in jeder Autonomie \u00fcber die Fristen zu informieren, die jedes Jahr f\u00fcr die Antragstellung festgelegt werden; hier der Fall von <a href=\"https:\/\/habitatge.gencat.cat\/ca\/inici\/index.html\" target=\"_blank\" rel=\"noopener\">Katalonien<\/a>.<\/p>\n<p>Auch die vorzulegenden Unterlagen k\u00f6nnen in jeder Autonomen Gemeinschaft in gewissem Umfang variieren, obwohl die vom staatlichen Plan festgelegten Anforderungen f\u00fcr alle Gemeinschaften gleich sind.<\/p>\n<p><img decoding=\"async\" style=\"width: 100%;\" src=\"https:\/\/www.espigul.com\/wp-content\/uploads\/2023\/06\/03457d7f-f855-4db4-9902-5c7e97c2221c.jpg\" \/><\/p>\n<p>Bei Esp\u00edgul m\u00f6chten wir Ihnen die Dinge erleichtern, und deshalb hoffen wir, dass dieser Beitrag Ihnen eine gro\u00dfe Hilfe war. Z\u00f6gern Sie nicht, die Beihilfen zu beantragen und sich alle Mietoptionen anzusehen, die wir zur Verf\u00fcgung haben. Zum Beispiel haben wir eine gro\u00dfe Auswahl an <a href=\"https:\/\/www.espigul.com\/de\/mietwohnungen-girona\/\">Mietwohnungen in Girona<\/a>, wir empfehlen Ihnen, sie zu entdecken.<\/p>\n","protected":false},"excerpt":{"rendered":"<p>Tats\u00e4chlich ist die spanische Jugend in Bezug auf Entwicklung und Unabh\u00e4ngigkeit die f\u00fcnftletzte in Europa. Nur 19,4 % der Spanier werden vor dem 30. Lebensjahr unabh\u00e4ngig, und die meisten davon mit 29 Jahren, dem Durchschnittsalter der Emanzipation im Staat. Gl\u00fccklicherweise gibt es verschiedene finanzielle Hilfen f\u00fcr junge Menschen, die den Zugang zu Wohnraum erleichtern sollen&#8230;.<\/p>\n","protected":false},"author":1,"featured_media":185026,"comment_status":"closed","ping_status":"closed","sticky":false,"template":"","format":"standard","meta":{"_acf_changed":false,"_uag_custom_page_level_css":"","footnotes":""},"categories":[319],"tags":[],"class_list":["post-185023","post","type-post","status-publish","format-standard","has-post-thumbnail","hentry","category-nicht-kategorisiert"],"acf":[],"yoast_head":"<!-- This site is optimized with the Yoast SEO plugin v27.4 - https:\/\/yoast.com\/product\/yoast-seo-wordpress\/ -->\n<title>Alles, was Sie \u00fcber Mietbeihilfen f\u00fcr junge Menschen wissen sollten - Esp\u00edgul<\/title>\n<meta name=\"description\" content=\"Tats\u00e4chlich ist die spanische Jugend in Bezug auf Entwicklung und Unabh\u00e4ngigkeit die f\u00fcnftletzte in Europa. Nur 19,4 % der Spanier werden vor dem 30.\" \/>\n<meta name=\"robots\" content=\"index, follow, max-snippet:-1, max-image-preview:large, max-video-preview:-1\" \/>\n<link rel=\"canonical\" href=\"https:\/\/www.espigul.com\/de\/alles-was-sie-ueber-mietbeihilfen-fuer-junge-menschen-wissen-sollten\/\" \/>\n<meta property=\"og:locale\" content=\"de_DE\" \/>\n<meta property=\"og:type\" content=\"article\" \/>\n<meta property=\"og:title\" content=\"Alles, was Sie \u00fcber Mietbeihilfen f\u00fcr junge Menschen wissen sollten - Esp\u00edgul\" \/>\n<meta property=\"og:description\" content=\"Tats\u00e4chlich ist die spanische Jugend in Bezug auf Entwicklung und Unabh\u00e4ngigkeit die f\u00fcnftletzte in Europa. Nur 19,4 % der Spanier werden vor dem 30.\" \/>\n<meta property=\"og:url\" content=\"https:\/\/www.espigul.com\/de\/alles-was-sie-ueber-mietbeihilfen-fuer-junge-menschen-wissen-sollten\/\" \/>\n<meta property=\"og:site_name\" content=\"Esp\u00edgul\" \/>\n<meta property=\"article:published_time\" content=\"2022-12-14T07:45:00+00:00\" \/>\n<meta property=\"article:modified_time\" content=\"2026-03-19T09:56:29+00:00\" \/>\n<meta property=\"og:image\" content=\"https:\/\/www.espigul.com\/wp-content\/uploads\/2023\/06\/1956.jpg\" \/>\n\t<meta property=\"og:image:width\" content=\"840\" \/>\n\t<meta property=\"og:image:height\" content=\"472\" \/>\n\t<meta property=\"og:image:type\" content=\"image\/jpeg\" \/>\n<meta name=\"author\" content=\"Pol\" \/>\n<meta name=\"twitter:card\" content=\"summary_large_image\" \/>\n<meta name=\"twitter:label1\" content=\"Verfasst von\" \/>\n\t<meta name=\"twitter:data1\" content=\"Pol\" \/>\n\t<meta name=\"twitter:label2\" content=\"Gesch\u00e4tzte Lesezeit\" \/>\n\t<meta name=\"twitter:data2\" content=\"5\u00a0Minuten\" \/>\n<script type=\"application\/ld+json\" class=\"yoast-schema-graph\">{\"@context\":\"https:\\\/\\\/schema.org\",\"@graph\":[{\"@type\":\"Article\",\"@id\":\"https:\\\/\\\/www.espigul.com\\\/de\\\/alles-was-sie-ueber-mietbeihilfen-fuer-junge-menschen-wissen-sollten\\\/#article\",\"isPartOf\":{\"@id\":\"https:\\\/\\\/www.espigul.com\\\/de\\\/alles-was-sie-ueber-mietbeihilfen-fuer-junge-menschen-wissen-sollten\\\/\"},\"author\":{\"name\":\"Pol\",\"@id\":\"https:\\\/\\\/www.espigul.com\\\/de\\\/#\\\/schema\\\/person\\\/36a58e369cbd830f5585fdf230951201\"},\"headline\":\"Alles, was Sie \u00fcber Mietbeihilfen f\u00fcr junge Menschen wissen sollten\",\"datePublished\":\"2022-12-14T07:45:00+00:00\",\"dateModified\":\"2026-03-19T09:56:29+00:00\",\"mainEntityOfPage\":{\"@id\":\"https:\\\/\\\/www.espigul.com\\\/de\\\/alles-was-sie-ueber-mietbeihilfen-fuer-junge-menschen-wissen-sollten\\\/\"},\"wordCount\":724,\"publisher\":{\"@id\":\"https:\\\/\\\/www.espigul.com\\\/de\\\/#organization\"},\"image\":{\"@id\":\"https:\\\/\\\/www.espigul.com\\\/de\\\/alles-was-sie-ueber-mietbeihilfen-fuer-junge-menschen-wissen-sollten\\\/#primaryimage\"},\"thumbnailUrl\":\"https:\\\/\\\/www.espigul.com\\\/wp-content\\\/uploads\\\/2023\\\/06\\\/1956.jpg\",\"articleSection\":[\"Nicht kategorisiert\"],\"inLanguage\":\"de\"},{\"@type\":\"WebPage\",\"@id\":\"https:\\\/\\\/www.espigul.com\\\/de\\\/alles-was-sie-ueber-mietbeihilfen-fuer-junge-menschen-wissen-sollten\\\/\",\"url\":\"https:\\\/\\\/www.espigul.com\\\/de\\\/alles-was-sie-ueber-mietbeihilfen-fuer-junge-menschen-wissen-sollten\\\/\",\"name\":\"Alles, was Sie \u00fcber Mietbeihilfen f\u00fcr junge Menschen wissen sollten - Esp\u00edgul\",\"isPartOf\":{\"@id\":\"https:\\\/\\\/www.espigul.com\\\/de\\\/#website\"},\"primaryImageOfPage\":{\"@id\":\"https:\\\/\\\/www.espigul.com\\\/de\\\/alles-was-sie-ueber-mietbeihilfen-fuer-junge-menschen-wissen-sollten\\\/#primaryimage\"},\"image\":{\"@id\":\"https:\\\/\\\/www.espigul.com\\\/de\\\/alles-was-sie-ueber-mietbeihilfen-fuer-junge-menschen-wissen-sollten\\\/#primaryimage\"},\"thumbnailUrl\":\"https:\\\/\\\/www.espigul.com\\\/wp-content\\\/uploads\\\/2023\\\/06\\\/1956.jpg\",\"datePublished\":\"2022-12-14T07:45:00+00:00\",\"dateModified\":\"2026-03-19T09:56:29+00:00\",\"description\":\"Tats\u00e4chlich ist die spanische Jugend in Bezug auf Entwicklung und Unabh\u00e4ngigkeit die f\u00fcnftletzte in Europa. Nur 19,4 % der Spanier werden vor dem 30.\",\"breadcrumb\":{\"@id\":\"https:\\\/\\\/www.espigul.com\\\/de\\\/alles-was-sie-ueber-mietbeihilfen-fuer-junge-menschen-wissen-sollten\\\/#breadcrumb\"},\"inLanguage\":\"de\",\"potentialAction\":[{\"@type\":\"ReadAction\",\"target\":[\"https:\\\/\\\/www.espigul.com\\\/de\\\/alles-was-sie-ueber-mietbeihilfen-fuer-junge-menschen-wissen-sollten\\\/\"]}]},{\"@type\":\"ImageObject\",\"inLanguage\":\"de\",\"@id\":\"https:\\\/\\\/www.espigul.com\\\/de\\\/alles-was-sie-ueber-mietbeihilfen-fuer-junge-menschen-wissen-sollten\\\/#primaryimage\",\"url\":\"https:\\\/\\\/www.espigul.com\\\/wp-content\\\/uploads\\\/2023\\\/06\\\/1956.jpg\",\"contentUrl\":\"https:\\\/\\\/www.espigul.com\\\/wp-content\\\/uploads\\\/2023\\\/06\\\/1956.jpg\",\"width\":840,\"height\":472},{\"@type\":\"BreadcrumbList\",\"@id\":\"https:\\\/\\\/www.espigul.com\\\/de\\\/alles-was-sie-ueber-mietbeihilfen-fuer-junge-menschen-wissen-sollten\\\/#breadcrumb\",\"itemListElement\":[{\"@type\":\"ListItem\",\"position\":1,\"name\":\"Inici\",\"item\":\"https:\\\/\\\/www.espigul.com\\\/de\\\/\"},{\"@type\":\"ListItem\",\"position\":2,\"name\":\"Alles, was Sie \u00fcber Mietbeihilfen f\u00fcr junge Menschen wissen sollten\"}]},{\"@type\":\"WebSite\",\"@id\":\"https:\\\/\\\/www.espigul.com\\\/de\\\/#website\",\"url\":\"https:\\\/\\\/www.espigul.com\\\/de\\\/\",\"name\":\"Esp\u00edgul\",\"description\":\"La immobili\u00e0ria l\u00edder de Girona\",\"publisher\":{\"@id\":\"https:\\\/\\\/www.espigul.com\\\/de\\\/#organization\"},\"potentialAction\":[{\"@type\":\"SearchAction\",\"target\":{\"@type\":\"EntryPoint\",\"urlTemplate\":\"https:\\\/\\\/www.espigul.com\\\/de\\\/?s={search_term_string}\"},\"query-input\":{\"@type\":\"PropertyValueSpecification\",\"valueRequired\":true,\"valueName\":\"search_term_string\"}}],\"inLanguage\":\"de\"},{\"@type\":\"Organization\",\"@id\":\"https:\\\/\\\/www.espigul.com\\\/de\\\/#organization\",\"name\":\"Esp\u00edgul\",\"url\":\"https:\\\/\\\/www.espigul.com\\\/de\\\/\",\"logo\":{\"@type\":\"ImageObject\",\"inLanguage\":\"de\",\"@id\":\"https:\\\/\\\/www.espigul.com\\\/de\\\/#\\\/schema\\\/logo\\\/image\\\/\",\"url\":\"https:\\\/\\\/www.espigul.com\\\/wp-content\\\/uploads\\\/2023\\\/08\\\/espigul-block.png\",\"contentUrl\":\"https:\\\/\\\/www.espigul.com\\\/wp-content\\\/uploads\\\/2023\\\/08\\\/espigul-block.png\",\"width\":384,\"height\":240,\"caption\":\"Esp\u00edgul\"},\"image\":{\"@id\":\"https:\\\/\\\/www.espigul.com\\\/de\\\/#\\\/schema\\\/logo\\\/image\\\/\"},\"sameAs\":[\"https:\\\/\\\/www.instagram.com\\\/immoespigul\\\/\",\"https:\\\/\\\/www.youtube.com\\\/channel\\\/UCYyD-WWfbCFpCXau4SQOGKQ\"]},{\"@type\":\"Person\",\"@id\":\"https:\\\/\\\/www.espigul.com\\\/de\\\/#\\\/schema\\\/person\\\/36a58e369cbd830f5585fdf230951201\",\"name\":\"Pol\",\"image\":{\"@type\":\"ImageObject\",\"inLanguage\":\"de\",\"@id\":\"https:\\\/\\\/secure.gravatar.com\\\/avatar\\\/89add7bbf684b4a62e9dcc9ea3065fae26b3041c1485dd5dce8f6e9fbba39057?s=96&d=mm&r=g\",\"url\":\"https:\\\/\\\/secure.gravatar.com\\\/avatar\\\/89add7bbf684b4a62e9dcc9ea3065fae26b3041c1485dd5dce8f6e9fbba39057?s=96&d=mm&r=g\",\"contentUrl\":\"https:\\\/\\\/secure.gravatar.com\\\/avatar\\\/89add7bbf684b4a62e9dcc9ea3065fae26b3041c1485dd5dce8f6e9fbba39057?s=96&d=mm&r=g\",\"caption\":\"Pol\"},\"sameAs\":[\"https:\\\/\\\/www.espigul.com\\\/\"]}]}<\/script>\n<!-- \/ Yoast SEO plugin. -->","yoast_head_json":{"title":"Alles, was Sie \u00fcber Mietbeihilfen f\u00fcr junge Menschen wissen sollten - Esp\u00edgul","description":"Tats\u00e4chlich ist die spanische Jugend in Bezug auf Entwicklung und Unabh\u00e4ngigkeit die f\u00fcnftletzte in Europa. Nur 19,4 % der Spanier werden vor dem 30.","robots":{"index":"index","follow":"follow","max-snippet":"max-snippet:-1","max-image-preview":"max-image-preview:large","max-video-preview":"max-video-preview:-1"},"canonical":"https:\/\/www.espigul.com\/de\/alles-was-sie-ueber-mietbeihilfen-fuer-junge-menschen-wissen-sollten\/","og_locale":"de_DE","og_type":"article","og_title":"Alles, was Sie \u00fcber Mietbeihilfen f\u00fcr junge Menschen wissen sollten - Esp\u00edgul","og_description":"Tats\u00e4chlich ist die spanische Jugend in Bezug auf Entwicklung und Unabh\u00e4ngigkeit die f\u00fcnftletzte in Europa. Nur 19,4 % der Spanier werden vor dem 30.","og_url":"https:\/\/www.espigul.com\/de\/alles-was-sie-ueber-mietbeihilfen-fuer-junge-menschen-wissen-sollten\/","og_site_name":"Esp\u00edgul","article_published_time":"2022-12-14T07:45:00+00:00","article_modified_time":"2026-03-19T09:56:29+00:00","og_image":[{"width":840,"height":472,"url":"https:\/\/www.espigul.com\/wp-content\/uploads\/2023\/06\/1956.jpg","type":"image\/jpeg"}],"author":"Pol","twitter_card":"summary_large_image","twitter_misc":{"Verfasst von":"Pol","Gesch\u00e4tzte Lesezeit":"5\u00a0Minuten"},"schema":{"@context":"https:\/\/schema.org","@graph":[{"@type":"Article","@id":"https:\/\/www.espigul.com\/de\/alles-was-sie-ueber-mietbeihilfen-fuer-junge-menschen-wissen-sollten\/#article","isPartOf":{"@id":"https:\/\/www.espigul.com\/de\/alles-was-sie-ueber-mietbeihilfen-fuer-junge-menschen-wissen-sollten\/"},"author":{"name":"Pol","@id":"https:\/\/www.espigul.com\/de\/#\/schema\/person\/36a58e369cbd830f5585fdf230951201"},"headline":"Alles, was Sie \u00fcber Mietbeihilfen f\u00fcr junge Menschen wissen sollten","datePublished":"2022-12-14T07:45:00+00:00","dateModified":"2026-03-19T09:56:29+00:00","mainEntityOfPage":{"@id":"https:\/\/www.espigul.com\/de\/alles-was-sie-ueber-mietbeihilfen-fuer-junge-menschen-wissen-sollten\/"},"wordCount":724,"publisher":{"@id":"https:\/\/www.espigul.com\/de\/#organization"},"image":{"@id":"https:\/\/www.espigul.com\/de\/alles-was-sie-ueber-mietbeihilfen-fuer-junge-menschen-wissen-sollten\/#primaryimage"},"thumbnailUrl":"https:\/\/www.espigul.com\/wp-content\/uploads\/2023\/06\/1956.jpg","articleSection":["Nicht kategorisiert"],"inLanguage":"de"},{"@type":"WebPage","@id":"https:\/\/www.espigul.com\/de\/alles-was-sie-ueber-mietbeihilfen-fuer-junge-menschen-wissen-sollten\/","url":"https:\/\/www.espigul.com\/de\/alles-was-sie-ueber-mietbeihilfen-fuer-junge-menschen-wissen-sollten\/","name":"Alles, was Sie \u00fcber Mietbeihilfen f\u00fcr junge Menschen wissen sollten - Esp\u00edgul","isPartOf":{"@id":"https:\/\/www.espigul.com\/de\/#website"},"primaryImageOfPage":{"@id":"https:\/\/www.espigul.com\/de\/alles-was-sie-ueber-mietbeihilfen-fuer-junge-menschen-wissen-sollten\/#primaryimage"},"image":{"@id":"https:\/\/www.espigul.com\/de\/alles-was-sie-ueber-mietbeihilfen-fuer-junge-menschen-wissen-sollten\/#primaryimage"},"thumbnailUrl":"https:\/\/www.espigul.com\/wp-content\/uploads\/2023\/06\/1956.jpg","datePublished":"2022-12-14T07:45:00+00:00","dateModified":"2026-03-19T09:56:29+00:00","description":"Tats\u00e4chlich ist die spanische Jugend in Bezug auf Entwicklung und Unabh\u00e4ngigkeit die f\u00fcnftletzte in Europa. Nur 19,4 % der Spanier werden vor dem 30.","breadcrumb":{"@id":"https:\/\/www.espigul.com\/de\/alles-was-sie-ueber-mietbeihilfen-fuer-junge-menschen-wissen-sollten\/#breadcrumb"},"inLanguage":"de","potentialAction":[{"@type":"ReadAction","target":["https:\/\/www.espigul.com\/de\/alles-was-sie-ueber-mietbeihilfen-fuer-junge-menschen-wissen-sollten\/"]}]},{"@type":"ImageObject","inLanguage":"de","@id":"https:\/\/www.espigul.com\/de\/alles-was-sie-ueber-mietbeihilfen-fuer-junge-menschen-wissen-sollten\/#primaryimage","url":"https:\/\/www.espigul.com\/wp-content\/uploads\/2023\/06\/1956.jpg","contentUrl":"https:\/\/www.espigul.com\/wp-content\/uploads\/2023\/06\/1956.jpg","width":840,"height":472},{"@type":"BreadcrumbList","@id":"https:\/\/www.espigul.com\/de\/alles-was-sie-ueber-mietbeihilfen-fuer-junge-menschen-wissen-sollten\/#breadcrumb","itemListElement":[{"@type":"ListItem","position":1,"name":"Inici","item":"https:\/\/www.espigul.com\/de\/"},{"@type":"ListItem","position":2,"name":"Alles, was Sie \u00fcber Mietbeihilfen f\u00fcr junge Menschen wissen sollten"}]},{"@type":"WebSite","@id":"https:\/\/www.espigul.com\/de\/#website","url":"https:\/\/www.espigul.com\/de\/","name":"Esp\u00edgul","description":"La immobili\u00e0ria l\u00edder de Girona","publisher":{"@id":"https:\/\/www.espigul.com\/de\/#organization"},"potentialAction":[{"@type":"SearchAction","target":{"@type":"EntryPoint","urlTemplate":"https:\/\/www.espigul.com\/de\/?s={search_term_string}"},"query-input":{"@type":"PropertyValueSpecification","valueRequired":true,"valueName":"search_term_string"}}],"inLanguage":"de"},{"@type":"Organization","@id":"https:\/\/www.espigul.com\/de\/#organization","name":"Esp\u00edgul","url":"https:\/\/www.espigul.com\/de\/","logo":{"@type":"ImageObject","inLanguage":"de","@id":"https:\/\/www.espigul.com\/de\/#\/schema\/logo\/image\/","url":"https:\/\/www.espigul.com\/wp-content\/uploads\/2023\/08\/espigul-block.png","contentUrl":"https:\/\/www.espigul.com\/wp-content\/uploads\/2023\/08\/espigul-block.png","width":384,"height":240,"caption":"Esp\u00edgul"},"image":{"@id":"https:\/\/www.espigul.com\/de\/#\/schema\/logo\/image\/"},"sameAs":["https:\/\/www.instagram.com\/immoespigul\/","https:\/\/www.youtube.com\/channel\/UCYyD-WWfbCFpCXau4SQOGKQ"]},{"@type":"Person","@id":"https:\/\/www.espigul.com\/de\/#\/schema\/person\/36a58e369cbd830f5585fdf230951201","name":"Pol","image":{"@type":"ImageObject","inLanguage":"de","@id":"https:\/\/secure.gravatar.com\/avatar\/89add7bbf684b4a62e9dcc9ea3065fae26b3041c1485dd5dce8f6e9fbba39057?s=96&d=mm&r=g","url":"https:\/\/secure.gravatar.com\/avatar\/89add7bbf684b4a62e9dcc9ea3065fae26b3041c1485dd5dce8f6e9fbba39057?s=96&d=mm&r=g","contentUrl":"https:\/\/secure.gravatar.com\/avatar\/89add7bbf684b4a62e9dcc9ea3065fae26b3041c1485dd5dce8f6e9fbba39057?s=96&d=mm&r=g","caption":"Pol"},"sameAs":["https:\/\/www.espigul.com\/"]}]}},"uagb_featured_image_src":{"full":["https:\/\/www.espigul.com\/wp-content\/uploads\/2023\/06\/1956.jpg",840,472,false],"thumbnail":["https:\/\/www.espigul.com\/wp-content\/uploads\/2023\/06\/1956.jpg",150,84,false],"medium":["https:\/\/www.espigul.com\/wp-content\/uploads\/2023\/06\/1956.jpg",400,225,false],"medium_large":["https:\/\/www.espigul.com\/wp-content\/uploads\/2023\/06\/1956.jpg",768,432,false],"large":["https:\/\/www.espigul.com\/wp-content\/uploads\/2023\/06\/1956.jpg",840,472,false],"1536x1536":["https:\/\/www.espigul.com\/wp-content\/uploads\/2023\/06\/1956.jpg",840,472,false],"2048x2048":["https:\/\/www.espigul.com\/wp-content\/uploads\/2023\/06\/1956.jpg",840,472,false],"gform-image-choice-sm":["https:\/\/www.espigul.com\/wp-content\/uploads\/2023\/06\/1956.jpg",300,169,false],"gform-image-choice-md":["https:\/\/www.espigul.com\/wp-content\/uploads\/2023\/06\/1956.jpg",400,225,false],"gform-image-choice-lg":["https:\/\/www.espigul.com\/wp-content\/uploads\/2023\/06\/1956.jpg",600,337,false]},"uagb_author_info":{"display_name":"Pol","author_link":"https:\/\/www.espigul.com\/de\/author\/pol\/"},"uagb_comment_info":0,"uagb_excerpt":"Tats\u00e4chlich ist die spanische Jugend in Bezug auf Entwicklung und Unabh\u00e4ngigkeit die f\u00fcnftletzte in Europa. Nur 19,4 % der Spanier werden vor dem 30. Lebensjahr unabh\u00e4ngig, und die meisten davon mit 29 Jahren, dem Durchschnittsalter der Emanzipation im Staat. Gl\u00fccklicherweise gibt es verschiedene finanzielle Hilfen f\u00fcr junge Menschen, die den Zugang zu Wohnraum erleichtern sollen....","_links":{"self":[{"href":"https:\/\/www.espigul.com\/de\/wp-json\/wp\/v2\/posts\/185023","targetHints":{"allow":["GET"]}}],"collection":[{"href":"https:\/\/www.espigul.com\/de\/wp-json\/wp\/v2\/posts"}],"about":[{"href":"https:\/\/www.espigul.com\/de\/wp-json\/wp\/v2\/types\/post"}],"author":[{"embeddable":true,"href":"https:\/\/www.espigul.com\/de\/wp-json\/wp\/v2\/users\/1"}],"replies":[{"embeddable":true,"href":"https:\/\/www.espigul.com\/de\/wp-json\/wp\/v2\/comments?post=185023"}],"version-history":[{"count":1,"href":"https:\/\/www.espigul.com\/de\/wp-json\/wp\/v2\/posts\/185023\/revisions"}],"predecessor-version":[{"id":377353,"href":"https:\/\/www.espigul.com\/de\/wp-json\/wp\/v2\/posts\/185023\/revisions\/377353"}],"wp:featuredmedia":[{"embeddable":true,"href":"https:\/\/www.espigul.com\/de\/wp-json\/wp\/v2\/media\/185026"}],"wp:attachment":[{"href":"https:\/\/www.espigul.com\/de\/wp-json\/wp\/v2\/media?parent=185023"}],"wp:term":[{"taxonomy":"category","embeddable":true,"href":"https:\/\/www.espigul.com\/de\/wp-json\/wp\/v2\/categories?post=185023"},{"taxonomy":"post_tag","embeddable":true,"href":"https:\/\/www.espigul.com\/de\/wp-json\/wp\/v2\/tags?post=185023"}],"curies":[{"name":"wp","href":"https:\/\/api.w.org\/{rel}","templated":true}]}}