{"id":344163,"date":"2026-01-22T13:29:54","date_gmt":"2026-01-22T11:29:54","guid":{"rendered":"https:\/\/www.espigul.com\/?p=344163"},"modified":"2026-01-22T13:29:22","modified_gmt":"2026-01-22T11:29:22","slug":"propietat-vertical-propietat-horitzontal","status":"publish","type":"post","link":"https:\/\/www.espigul.com\/ca\/propietat-vertical-propietat-horitzontal\/","title":{"rendered":"Qu\u00e8 \u00e9s la propietat vertical i en qu\u00e8 es diferencia de la propietat horitzontal?"},"content":{"rendered":"\n<p>Quan parlem d\u2019habitatges, edificis o immobles amb diversos usos o unitats, \u00e9s habitual trobar-nos amb conceptes com la <strong>propietat vertical o la propietat horitzontal<\/strong>. Tot i que sovint es confonen, es tracta de dues formes jur\u00eddiques molt diferents de titularitat que tenen implicacions clares a nivell de gesti\u00f3, drets, obligacions i presa de decisions.<\/p>\n\n\n\n<p>Si est\u00e0s pensant a comprar un edifici, invertir en un immoble o simplement vols entendre millor com funciona la propietat d\u2019un habitatge, t\u2019interessa saber qu\u00e8 \u00e9s exactament la propietat vertical, com funciona la <strong>propietat horitzontal i vertical<\/strong>, i en qu\u00e8 es diferencien entre si.<\/p>\n\n\n\n<p><\/p>\n\n\n\n<h2 class=\"wp-block-heading\">Qu\u00e8 \u00e9s la propietat vertical?<\/h2>\n\n\n\n<p>La propietat vertical \u00e9s aquella en qu\u00e8 una sola <strong>persona f\u00edsica o jur\u00eddica \u00e9s propiet\u00e0ria de tot l\u2019edifici.<\/strong> Aix\u00f2 inclou tant els habitatges com els espais comuns: escales, terrat, fa\u00e7ana, instal\u00b7lacions, baixos comercials, etc.<\/p>\n\n\n\n<p>\u00c9s molt habitual en edificis destinats \u00edntegrament al lloguer, en finques antigues o en inversions patrimonials on un \u00fanic propietari gestiona tot l\u2019immoble. En aquest cas, no existeix una comunitat de propietaris, ja que no hi ha diferents titulars.<\/p>\n\n\n\n<p>Pel que fa a la <strong>llei de propietat vertica<\/strong>l, \u00e9s important aclarir que<strong> no hi ha una normativa espec\u00edfica amb aquest nom<\/strong>. La propietat vertical es regeix pel Codi Civil i per la normativa general de propietat privada, a difer\u00e8ncia de la propietat horitzontal, que s\u00ed que est\u00e0 regulada de manera espec\u00edfica.<\/p>\n\n\n\n<p><\/p>\n\n\n\n<h2 class=\"wp-block-heading\">Qu\u00e8 \u00e9s la propietat horitzontal?<\/h2>\n\n\n\n<p>La propietat horitzontal \u00e9s la f\u00f3rmula m\u00e9s habitual en blocs de pisos. En aquest cas, <strong>cada habitatge o local t\u00e9 un propietari diferent,<\/strong> per\u00f2 tots comparteixen elements comuns de l\u2019edifici.<\/p>\n\n\n\n<p>Aix\u00f2 implica l\u2019exist\u00e8ncia d\u2019una comunitat de propietaris, uns estatuts, unes quotes de participaci\u00f3 i unes normes comunes que regulen l\u2019\u00fas, el manteniment i les despeses dels elements compartits.<\/p>\n\n\n\n<p>Quan es parla de propietat vertical i horitzontal, la difer\u00e8ncia clau \u00e9s precisament aquesta: la titularitat \u00fanica versus la titularitat compartida.<\/p>\n\n\n\n<p><\/p>\n\n\n\n<h2 class=\"wp-block-heading\">Difer\u00e8ncies entre propietat vertical i propietat horitzontal<\/h2>\n\n\n\n<p>Entendre la difer\u00e8ncia entre propietat horitzontal i vertical \u00e9s essencial abans de prendre qualsevol decisi\u00f3 immobili\u00e0ria. Aquestes s\u00f3n les principals difer\u00e8ncies:<\/p>\n\n\n\n<h3 class=\"wp-block-heading\">Titularitat de l\u2019edifici<\/h3>\n\n\n\n<p>En la propietat vertical, una sola persona \u00e9s propiet\u00e0ria de tot l\u2019immoble.\u2028En la propietat horitzontal, cada habitatge o local t\u00e9 un propietari diferent.<\/p>\n\n\n\n<h3 class=\"wp-block-heading\">Gesti\u00f3 i presa de decisions<\/h3>\n\n\n\n<p>Amb la propietat vertical, el propietari t\u00e9 plena autonomia per decidir sobre reformes, manteniment o canvis a l\u2019edifici.\u2028En la propietat horitzontal, qualsevol decisi\u00f3 sobre elements comuns s\u2019ha d\u2019aprovar en junta.<\/p>\n\n\n\n<div class=\"wp-block-uagb-advanced-heading uagb-block-3451da74\"><h3 class=\"uagb-heading-text\">Despeses i manteniment<\/h3><\/div>\n\n\n\n<p>En un edifici de propietat vertical, totes les despeses recauen sobre un \u00fanic titular.\u2028En canvi, a la propietat horitzontal, les despeses es reparteixen segons la quota de participaci\u00f3.<\/p>\n\n\n\n<div class=\"wp-block-uagb-advanced-heading uagb-block-cb9d964b\"><h3 class=\"uagb-heading-text\">Relaci\u00f3 amb els ocupants<\/h3><\/div>\n\n\n\n<p>A la propietat vertical, els ocupants solen ser llogaters.\u2028A la propietat horitzontal, els ocupants poden ser propietaris, llogaters o una combinaci\u00f3 d\u2019ambd\u00f3s.<\/p>\n\n\n\n<p><\/p>\n\n\n\n<h2 class=\"wp-block-heading\">Avantatges i inconvenients de la propietat vertical<\/h2>\n\n\n\n<p>La propietat vertical pot ser molt atractiva des del punt de vista de la inversi\u00f3, per\u00f2 tamb\u00e9 comporta responsabilitats importants.<\/p>\n\n\n\n<p>Entre els principals avantatges hi ha el control total de l\u2019edifici, la facilitat per gestionar lloguers i la possibilitat de revalorar l\u2019immoble amb reformes globals. A m\u00e9s, s\u2019eviten conflictes habituals de comunitat.<\/p>\n\n\n\n<p>Com a contrapunt, el cost de manteniment \u00e9s \u00edntegrament del propietari i qualsevol incid\u00e8ncia estructural o legal afecta directament tot l\u2019edifici.<\/p>\n\n\n\n<p><\/p>\n\n\n\n<h2 class=\"wp-block-heading\">Com saber si et conv\u00e9 una propietat vertical o horitzontal?<\/h2>\n\n\n\n<p>Escollir entre una propietat vertical o una propietat horitzontal no \u00e9s nom\u00e9s una q\u00fcesti\u00f3 jur\u00eddica, sin\u00f3 sobretot d\u2019objectiu i de context. Abans de prendre una decisi\u00f3, conv\u00e9 analitzar qu\u00e8 vols fer amb l\u2019immoble i quin grau d\u2019implicaci\u00f3 est\u00e0s disposat a assumir.<\/p>\n\n\n\n<p>Si el teu objectiu \u00e9s invertir i gestionar l\u2019edifici de manera global, la propietat vertical pot ser una bona opci\u00f3. Et permet tenir control total sobre l\u2019immoble, decidir quan fer reformes, com gestionar els lloguers i adaptar l\u2019edifici a les necessitats del mercat sense haver de consensuar-ho amb tercers.<\/p>\n\n\n\n<p>En canvi, si el que busques \u00e9s adquirir un habitatge per viure-hi o com a segona resid\u00e8ncia, la propietat horitzontal \u00e9s la f\u00f3rmula m\u00e9s habitual. En aquest cas, comparteixes responsabilitats amb la resta de propietaris, tant pel que fa al manteniment com a les despeses comunes, i les decisions es prenen de manera col\u00b7lectiva.<\/p>\n\n\n\n<p>Tamb\u00e9 \u00e9s important valorar l\u2019impacte econ\u00f2mic. A la propietat vertical, totes les despeses recauen sobre una sola persona, mentre que a la propietat horitzontal aquestes es reparteixen. Aix\u00f2 pot marcar la difer\u00e8ncia a llarg termini, sobretot en edificis antics o que requereixen inversions importants.<\/p>\n\n\n\n<p>Analitzar b\u00e9 aquests factors t\u2019ajudar\u00e0 a determinar quin model s\u2019adapta millor a la teva situaci\u00f3 personal, econ\u00f2mica i patrimonial, evitant sorpreses un cop feta l\u2019operaci\u00f3.<\/p>\n\n\n\n<p><\/p>\n","protected":false},"excerpt":{"rendered":"<p>Quan parlem d\u2019habitatges, edificis o immobles amb diversos usos o unitats, \u00e9s habitual trobar-nos amb conceptes com la propietat vertical o la propietat horitzontal. Tot i que sovint es confonen, es tracta de dues formes jur\u00eddiques molt diferents de titularitat que tenen implicacions clares a nivell de gesti\u00f3, drets, obligacions i presa de decisions. Si&#8230;<\/p>\n","protected":false},"author":6,"featured_media":344162,"comment_status":"closed","ping_status":"open","sticky":false,"template":"","format":"standard","meta":{"_acf_changed":false,"_uag_custom_page_level_css":"","footnotes":""},"categories":[1],"tags":[],"class_list":["post-344163","post","type-post","status-publish","format-standard","has-post-thumbnail","hentry","category-uncategorized-ca"],"acf":[],"yoast_head":"<!-- This site is optimized with the Yoast SEO plugin v27.5 - https:\/\/yoast.com\/product\/yoast-seo-wordpress\/ -->\n<title>Qu\u00e8 \u00e9s la propietat vertical i en qu\u00e8 es diferencia de la propietat horitzontal? - Esp\u00edgul<\/title>\n<meta name=\"description\" content=\"Coneix qu\u00e8 \u00e9s la propietat vertical i en qu\u00e8 es diferencia de la propietat horitzontal. T\u2019expliquem les principals difer\u00e8ncies, avantatges i qu\u00e8 cal tenir en compte abans de decidir.\" \/>\n<meta name=\"robots\" content=\"index, follow, max-snippet:-1, max-image-preview:large, max-video-preview:-1\" \/>\n<link rel=\"canonical\" href=\"https:\/\/www.espigul.com\/ca\/propietat-vertical-propietat-horitzontal\/\" \/>\n<meta property=\"og:locale\" content=\"ca_ES\" \/>\n<meta property=\"og:type\" content=\"article\" \/>\n<meta property=\"og:title\" content=\"Qu\u00e8 \u00e9s la propietat vertical i en qu\u00e8 es diferencia de la propietat horitzontal? - Esp\u00edgul\" \/>\n<meta property=\"og:description\" content=\"Coneix qu\u00e8 \u00e9s la propietat vertical i en qu\u00e8 es diferencia de la propietat horitzontal. T\u2019expliquem les principals difer\u00e8ncies, avantatges i qu\u00e8 cal tenir en compte abans de decidir.\" \/>\n<meta property=\"og:url\" content=\"https:\/\/www.espigul.com\/ca\/propietat-vertical-propietat-horitzontal\/\" \/>\n<meta property=\"og:site_name\" content=\"Esp\u00edgul\" \/>\n<meta property=\"article:published_time\" content=\"2026-01-22T11:29:54+00:00\" \/>\n<meta property=\"og:image\" content=\"https:\/\/www.espigul.com\/wp-content\/uploads\/2026\/01\/propiedad-vertical-propiedad-horizontal.jpg\" \/>\n\t<meta property=\"og:image:width\" content=\"840\" \/>\n\t<meta property=\"og:image:height\" content=\"472\" \/>\n\t<meta property=\"og:image:type\" content=\"image\/jpeg\" \/>\n<meta name=\"author\" content=\"DobleSEO\" \/>\n<meta name=\"twitter:card\" content=\"summary_large_image\" \/>\n<meta name=\"twitter:label1\" content=\"Escrit per\" \/>\n\t<meta name=\"twitter:data1\" content=\"DobleSEO\" \/>\n\t<meta name=\"twitter:label2\" content=\"Temps estimat de lectura\" \/>\n\t<meta name=\"twitter:data2\" content=\"5 minuts\" \/>\n<script type=\"application\/ld+json\" class=\"yoast-schema-graph\">{\"@context\":\"https:\\\/\\\/schema.org\",\"@graph\":[{\"@type\":\"Article\",\"@id\":\"https:\\\/\\\/www.espigul.com\\\/ca\\\/propietat-vertical-propietat-horitzontal\\\/#article\",\"isPartOf\":{\"@id\":\"https:\\\/\\\/www.espigul.com\\\/ca\\\/propietat-vertical-propietat-horitzontal\\\/\"},\"author\":{\"name\":\"DobleSEO\",\"@id\":\"https:\\\/\\\/www.espigul.com\\\/ca\\\/#\\\/schema\\\/person\\\/13b15c309f4aa1f3531877a0ce8a82ce\"},\"headline\":\"Qu\u00e8 \u00e9s la propietat vertical i en qu\u00e8 es diferencia de la propietat horitzontal?\",\"datePublished\":\"2026-01-22T11:29:54+00:00\",\"mainEntityOfPage\":{\"@id\":\"https:\\\/\\\/www.espigul.com\\\/ca\\\/propietat-vertical-propietat-horitzontal\\\/\"},\"wordCount\":842,\"publisher\":{\"@id\":\"https:\\\/\\\/www.espigul.com\\\/ca\\\/#organization\"},\"image\":{\"@id\":\"https:\\\/\\\/www.espigul.com\\\/ca\\\/propietat-vertical-propietat-horitzontal\\\/#primaryimage\"},\"thumbnailUrl\":\"https:\\\/\\\/www.espigul.com\\\/wp-content\\\/uploads\\\/2026\\\/01\\\/propiedad-vertical-propiedad-horizontal.jpg\",\"articleSection\":[\"Uncategorized @ca\"],\"inLanguage\":\"ca\"},{\"@type\":\"WebPage\",\"@id\":\"https:\\\/\\\/www.espigul.com\\\/ca\\\/propietat-vertical-propietat-horitzontal\\\/\",\"url\":\"https:\\\/\\\/www.espigul.com\\\/ca\\\/propietat-vertical-propietat-horitzontal\\\/\",\"name\":\"Qu\u00e8 \u00e9s la propietat vertical i en qu\u00e8 es diferencia de la propietat horitzontal? - Esp\u00edgul\",\"isPartOf\":{\"@id\":\"https:\\\/\\\/www.espigul.com\\\/ca\\\/#website\"},\"primaryImageOfPage\":{\"@id\":\"https:\\\/\\\/www.espigul.com\\\/ca\\\/propietat-vertical-propietat-horitzontal\\\/#primaryimage\"},\"image\":{\"@id\":\"https:\\\/\\\/www.espigul.com\\\/ca\\\/propietat-vertical-propietat-horitzontal\\\/#primaryimage\"},\"thumbnailUrl\":\"https:\\\/\\\/www.espigul.com\\\/wp-content\\\/uploads\\\/2026\\\/01\\\/propiedad-vertical-propiedad-horizontal.jpg\",\"datePublished\":\"2026-01-22T11:29:54+00:00\",\"description\":\"Coneix qu\u00e8 \u00e9s la propietat vertical i en qu\u00e8 es diferencia de la propietat horitzontal. T\u2019expliquem les principals difer\u00e8ncies, avantatges i qu\u00e8 cal tenir en compte abans de decidir.\",\"breadcrumb\":{\"@id\":\"https:\\\/\\\/www.espigul.com\\\/ca\\\/propietat-vertical-propietat-horitzontal\\\/#breadcrumb\"},\"inLanguage\":\"ca\",\"potentialAction\":[{\"@type\":\"ReadAction\",\"target\":[\"https:\\\/\\\/www.espigul.com\\\/ca\\\/propietat-vertical-propietat-horitzontal\\\/\"]}]},{\"@type\":\"ImageObject\",\"inLanguage\":\"ca\",\"@id\":\"https:\\\/\\\/www.espigul.com\\\/ca\\\/propietat-vertical-propietat-horitzontal\\\/#primaryimage\",\"url\":\"https:\\\/\\\/www.espigul.com\\\/wp-content\\\/uploads\\\/2026\\\/01\\\/propiedad-vertical-propiedad-horizontal.jpg\",\"contentUrl\":\"https:\\\/\\\/www.espigul.com\\\/wp-content\\\/uploads\\\/2026\\\/01\\\/propiedad-vertical-propiedad-horizontal.jpg\",\"width\":840,\"height\":472,\"caption\":\"Propiedad vertical y propiedad horizontal\"},{\"@type\":\"BreadcrumbList\",\"@id\":\"https:\\\/\\\/www.espigul.com\\\/ca\\\/propietat-vertical-propietat-horitzontal\\\/#breadcrumb\",\"itemListElement\":[{\"@type\":\"ListItem\",\"position\":1,\"name\":\"Inici\",\"item\":\"https:\\\/\\\/www.espigul.com\\\/ca\\\/\"},{\"@type\":\"ListItem\",\"position\":2,\"name\":\"Qu\u00e8 \u00e9s la propietat vertical i en qu\u00e8 es diferencia de la propietat horitzontal?\"}]},{\"@type\":\"WebSite\",\"@id\":\"https:\\\/\\\/www.espigul.com\\\/ca\\\/#website\",\"url\":\"https:\\\/\\\/www.espigul.com\\\/ca\\\/\",\"name\":\"Esp\u00edgul\",\"description\":\"La immobili\u00e0ria l\u00edder de Girona\",\"publisher\":{\"@id\":\"https:\\\/\\\/www.espigul.com\\\/ca\\\/#organization\"},\"potentialAction\":[{\"@type\":\"SearchAction\",\"target\":{\"@type\":\"EntryPoint\",\"urlTemplate\":\"https:\\\/\\\/www.espigul.com\\\/ca\\\/?s={search_term_string}\"},\"query-input\":{\"@type\":\"PropertyValueSpecification\",\"valueRequired\":true,\"valueName\":\"search_term_string\"}}],\"inLanguage\":\"ca\"},{\"@type\":\"Organization\",\"@id\":\"https:\\\/\\\/www.espigul.com\\\/ca\\\/#organization\",\"name\":\"Esp\u00edgul\",\"url\":\"https:\\\/\\\/www.espigul.com\\\/ca\\\/\",\"logo\":{\"@type\":\"ImageObject\",\"inLanguage\":\"ca\",\"@id\":\"https:\\\/\\\/www.espigul.com\\\/ca\\\/#\\\/schema\\\/logo\\\/image\\\/\",\"url\":\"https:\\\/\\\/www.espigul.com\\\/wp-content\\\/uploads\\\/2023\\\/08\\\/espigul-block.png\",\"contentUrl\":\"https:\\\/\\\/www.espigul.com\\\/wp-content\\\/uploads\\\/2023\\\/08\\\/espigul-block.png\",\"width\":384,\"height\":240,\"caption\":\"Esp\u00edgul\"},\"image\":{\"@id\":\"https:\\\/\\\/www.espigul.com\\\/ca\\\/#\\\/schema\\\/logo\\\/image\\\/\"},\"sameAs\":[\"https:\\\/\\\/www.instagram.com\\\/immoespigul\\\/\",\"https:\\\/\\\/www.youtube.com\\\/channel\\\/UCYyD-WWfbCFpCXau4SQOGKQ\"]},{\"@type\":\"Person\",\"@id\":\"https:\\\/\\\/www.espigul.com\\\/ca\\\/#\\\/schema\\\/person\\\/13b15c309f4aa1f3531877a0ce8a82ce\",\"name\":\"DobleSEO\",\"image\":{\"@type\":\"ImageObject\",\"inLanguage\":\"ca\",\"@id\":\"https:\\\/\\\/secure.gravatar.com\\\/avatar\\\/4bb43a6820337ce60267be4e3e4ff5a823435bc94d512587981791d286330432?s=96&d=mm&r=g\",\"url\":\"https:\\\/\\\/secure.gravatar.com\\\/avatar\\\/4bb43a6820337ce60267be4e3e4ff5a823435bc94d512587981791d286330432?s=96&d=mm&r=g\",\"contentUrl\":\"https:\\\/\\\/secure.gravatar.com\\\/avatar\\\/4bb43a6820337ce60267be4e3e4ff5a823435bc94d512587981791d286330432?s=96&d=mm&r=g\",\"caption\":\"DobleSEO\"}}]}<\/script>\n<!-- \/ Yoast SEO plugin. -->","yoast_head_json":{"title":"Qu\u00e8 \u00e9s la propietat vertical i en qu\u00e8 es diferencia de la propietat horitzontal? - Esp\u00edgul","description":"Coneix qu\u00e8 \u00e9s la propietat vertical i en qu\u00e8 es diferencia de la propietat horitzontal. T\u2019expliquem les principals difer\u00e8ncies, avantatges i qu\u00e8 cal tenir en compte abans de decidir.","robots":{"index":"index","follow":"follow","max-snippet":"max-snippet:-1","max-image-preview":"max-image-preview:large","max-video-preview":"max-video-preview:-1"},"canonical":"https:\/\/www.espigul.com\/ca\/propietat-vertical-propietat-horitzontal\/","og_locale":"ca_ES","og_type":"article","og_title":"Qu\u00e8 \u00e9s la propietat vertical i en qu\u00e8 es diferencia de la propietat horitzontal? - Esp\u00edgul","og_description":"Coneix qu\u00e8 \u00e9s la propietat vertical i en qu\u00e8 es diferencia de la propietat horitzontal. T\u2019expliquem les principals difer\u00e8ncies, avantatges i qu\u00e8 cal tenir en compte abans de decidir.","og_url":"https:\/\/www.espigul.com\/ca\/propietat-vertical-propietat-horitzontal\/","og_site_name":"Esp\u00edgul","article_published_time":"2026-01-22T11:29:54+00:00","og_image":[{"width":840,"height":472,"url":"https:\/\/www.espigul.com\/wp-content\/uploads\/2026\/01\/propiedad-vertical-propiedad-horizontal.jpg","type":"image\/jpeg"}],"author":"DobleSEO","twitter_card":"summary_large_image","twitter_misc":{"Escrit per":"DobleSEO","Temps estimat de lectura":"5 minuts"},"schema":{"@context":"https:\/\/schema.org","@graph":[{"@type":"Article","@id":"https:\/\/www.espigul.com\/ca\/propietat-vertical-propietat-horitzontal\/#article","isPartOf":{"@id":"https:\/\/www.espigul.com\/ca\/propietat-vertical-propietat-horitzontal\/"},"author":{"name":"DobleSEO","@id":"https:\/\/www.espigul.com\/ca\/#\/schema\/person\/13b15c309f4aa1f3531877a0ce8a82ce"},"headline":"Qu\u00e8 \u00e9s la propietat vertical i en qu\u00e8 es diferencia de la propietat horitzontal?","datePublished":"2026-01-22T11:29:54+00:00","mainEntityOfPage":{"@id":"https:\/\/www.espigul.com\/ca\/propietat-vertical-propietat-horitzontal\/"},"wordCount":842,"publisher":{"@id":"https:\/\/www.espigul.com\/ca\/#organization"},"image":{"@id":"https:\/\/www.espigul.com\/ca\/propietat-vertical-propietat-horitzontal\/#primaryimage"},"thumbnailUrl":"https:\/\/www.espigul.com\/wp-content\/uploads\/2026\/01\/propiedad-vertical-propiedad-horizontal.jpg","articleSection":["Uncategorized @ca"],"inLanguage":"ca"},{"@type":"WebPage","@id":"https:\/\/www.espigul.com\/ca\/propietat-vertical-propietat-horitzontal\/","url":"https:\/\/www.espigul.com\/ca\/propietat-vertical-propietat-horitzontal\/","name":"Qu\u00e8 \u00e9s la propietat vertical i en qu\u00e8 es diferencia de la propietat horitzontal? - Esp\u00edgul","isPartOf":{"@id":"https:\/\/www.espigul.com\/ca\/#website"},"primaryImageOfPage":{"@id":"https:\/\/www.espigul.com\/ca\/propietat-vertical-propietat-horitzontal\/#primaryimage"},"image":{"@id":"https:\/\/www.espigul.com\/ca\/propietat-vertical-propietat-horitzontal\/#primaryimage"},"thumbnailUrl":"https:\/\/www.espigul.com\/wp-content\/uploads\/2026\/01\/propiedad-vertical-propiedad-horizontal.jpg","datePublished":"2026-01-22T11:29:54+00:00","description":"Coneix qu\u00e8 \u00e9s la propietat vertical i en qu\u00e8 es diferencia de la propietat horitzontal. T\u2019expliquem les principals difer\u00e8ncies, avantatges i qu\u00e8 cal tenir en compte abans de decidir.","breadcrumb":{"@id":"https:\/\/www.espigul.com\/ca\/propietat-vertical-propietat-horitzontal\/#breadcrumb"},"inLanguage":"ca","potentialAction":[{"@type":"ReadAction","target":["https:\/\/www.espigul.com\/ca\/propietat-vertical-propietat-horitzontal\/"]}]},{"@type":"ImageObject","inLanguage":"ca","@id":"https:\/\/www.espigul.com\/ca\/propietat-vertical-propietat-horitzontal\/#primaryimage","url":"https:\/\/www.espigul.com\/wp-content\/uploads\/2026\/01\/propiedad-vertical-propiedad-horizontal.jpg","contentUrl":"https:\/\/www.espigul.com\/wp-content\/uploads\/2026\/01\/propiedad-vertical-propiedad-horizontal.jpg","width":840,"height":472,"caption":"Propiedad vertical y propiedad horizontal"},{"@type":"BreadcrumbList","@id":"https:\/\/www.espigul.com\/ca\/propietat-vertical-propietat-horitzontal\/#breadcrumb","itemListElement":[{"@type":"ListItem","position":1,"name":"Inici","item":"https:\/\/www.espigul.com\/ca\/"},{"@type":"ListItem","position":2,"name":"Qu\u00e8 \u00e9s la propietat vertical i en qu\u00e8 es diferencia de la propietat horitzontal?"}]},{"@type":"WebSite","@id":"https:\/\/www.espigul.com\/ca\/#website","url":"https:\/\/www.espigul.com\/ca\/","name":"Esp\u00edgul","description":"La immobili\u00e0ria l\u00edder de Girona","publisher":{"@id":"https:\/\/www.espigul.com\/ca\/#organization"},"potentialAction":[{"@type":"SearchAction","target":{"@type":"EntryPoint","urlTemplate":"https:\/\/www.espigul.com\/ca\/?s={search_term_string}"},"query-input":{"@type":"PropertyValueSpecification","valueRequired":true,"valueName":"search_term_string"}}],"inLanguage":"ca"},{"@type":"Organization","@id":"https:\/\/www.espigul.com\/ca\/#organization","name":"Esp\u00edgul","url":"https:\/\/www.espigul.com\/ca\/","logo":{"@type":"ImageObject","inLanguage":"ca","@id":"https:\/\/www.espigul.com\/ca\/#\/schema\/logo\/image\/","url":"https:\/\/www.espigul.com\/wp-content\/uploads\/2023\/08\/espigul-block.png","contentUrl":"https:\/\/www.espigul.com\/wp-content\/uploads\/2023\/08\/espigul-block.png","width":384,"height":240,"caption":"Esp\u00edgul"},"image":{"@id":"https:\/\/www.espigul.com\/ca\/#\/schema\/logo\/image\/"},"sameAs":["https:\/\/www.instagram.com\/immoespigul\/","https:\/\/www.youtube.com\/channel\/UCYyD-WWfbCFpCXau4SQOGKQ"]},{"@type":"Person","@id":"https:\/\/www.espigul.com\/ca\/#\/schema\/person\/13b15c309f4aa1f3531877a0ce8a82ce","name":"DobleSEO","image":{"@type":"ImageObject","inLanguage":"ca","@id":"https:\/\/secure.gravatar.com\/avatar\/4bb43a6820337ce60267be4e3e4ff5a823435bc94d512587981791d286330432?s=96&d=mm&r=g","url":"https:\/\/secure.gravatar.com\/avatar\/4bb43a6820337ce60267be4e3e4ff5a823435bc94d512587981791d286330432?s=96&d=mm&r=g","contentUrl":"https:\/\/secure.gravatar.com\/avatar\/4bb43a6820337ce60267be4e3e4ff5a823435bc94d512587981791d286330432?s=96&d=mm&r=g","caption":"DobleSEO"}}]}},"uagb_featured_image_src":{"full":["https:\/\/www.espigul.com\/wp-content\/uploads\/2026\/01\/propiedad-vertical-propiedad-horizontal.jpg",840,472,false],"thumbnail":["https:\/\/www.espigul.com\/wp-content\/uploads\/2026\/01\/propiedad-vertical-propiedad-horizontal-150x150.jpg",150,150,true],"medium":["https:\/\/www.espigul.com\/wp-content\/uploads\/2026\/01\/propiedad-vertical-propiedad-horizontal-400x225.jpg",400,225,true],"medium_large":["https:\/\/www.espigul.com\/wp-content\/uploads\/2026\/01\/propiedad-vertical-propiedad-horizontal-768x432.jpg",768,432,true],"large":["https:\/\/www.espigul.com\/wp-content\/uploads\/2026\/01\/propiedad-vertical-propiedad-horizontal.jpg",840,472,false],"1536x1536":["https:\/\/www.espigul.com\/wp-content\/uploads\/2026\/01\/propiedad-vertical-propiedad-horizontal.jpg",840,472,false],"2048x2048":["https:\/\/www.espigul.com\/wp-content\/uploads\/2026\/01\/propiedad-vertical-propiedad-horizontal.jpg",840,472,false],"gform-image-choice-sm":["https:\/\/www.espigul.com\/wp-content\/uploads\/2026\/01\/propiedad-vertical-propiedad-horizontal.jpg",300,169,false],"gform-image-choice-md":["https:\/\/www.espigul.com\/wp-content\/uploads\/2026\/01\/propiedad-vertical-propiedad-horizontal.jpg",400,225,false],"gform-image-choice-lg":["https:\/\/www.espigul.com\/wp-content\/uploads\/2026\/01\/propiedad-vertical-propiedad-horizontal.jpg",600,337,false]},"uagb_author_info":{"display_name":"DobleSEO","author_link":"https:\/\/www.espigul.com\/ca\/author\/dobleseo\/"},"uagb_comment_info":0,"uagb_excerpt":"Quan parlem d\u2019habitatges, edificis o immobles amb diversos usos o unitats, \u00e9s habitual trobar-nos amb conceptes com la propietat vertical o la propietat horitzontal. Tot i que sovint es confonen, es tracta de dues formes jur\u00eddiques molt diferents de titularitat que tenen implicacions clares a nivell de gesti\u00f3, drets, obligacions i presa de decisions. Si...","_links":{"self":[{"href":"https:\/\/www.espigul.com\/ca\/wp-json\/wp\/v2\/posts\/344163","targetHints":{"allow":["GET"]}}],"collection":[{"href":"https:\/\/www.espigul.com\/ca\/wp-json\/wp\/v2\/posts"}],"about":[{"href":"https:\/\/www.espigul.com\/ca\/wp-json\/wp\/v2\/types\/post"}],"author":[{"embeddable":true,"href":"https:\/\/www.espigul.com\/ca\/wp-json\/wp\/v2\/users\/6"}],"replies":[{"embeddable":true,"href":"https:\/\/www.espigul.com\/ca\/wp-json\/wp\/v2\/comments?post=344163"}],"version-history":[{"count":1,"href":"https:\/\/www.espigul.com\/ca\/wp-json\/wp\/v2\/posts\/344163\/revisions"}],"predecessor-version":[{"id":344164,"href":"https:\/\/www.espigul.com\/ca\/wp-json\/wp\/v2\/posts\/344163\/revisions\/344164"}],"wp:featuredmedia":[{"embeddable":true,"href":"https:\/\/www.espigul.com\/ca\/wp-json\/wp\/v2\/media\/344162"}],"wp:attachment":[{"href":"https:\/\/www.espigul.com\/ca\/wp-json\/wp\/v2\/media?parent=344163"}],"wp:term":[{"taxonomy":"category","embeddable":true,"href":"https:\/\/www.espigul.com\/ca\/wp-json\/wp\/v2\/categories?post=344163"},{"taxonomy":"post_tag","embeddable":true,"href":"https:\/\/www.espigul.com\/ca\/wp-json\/wp\/v2\/tags?post=344163"}],"curies":[{"name":"wp","href":"https:\/\/api.w.org\/{rel}","templated":true}]}}