{"id":27467,"date":"2023-10-05T09:26:00","date_gmt":"2023-10-05T07:26:00","guid":{"rendered":"https:\/\/www.espigul.com\/?p=27467"},"modified":"2023-10-04T14:26:32","modified_gmt":"2023-10-04T12:26:32","slug":"alarmes-per-la-teva-llar-la-millor-opcio-per-la-teva-seguretat","status":"publish","type":"post","link":"https:\/\/www.espigul.com\/ca\/alarmes-per-la-teva-llar-la-millor-opcio-per-la-teva-seguretat\/","title":{"rendered":"Alarmes per la teva llar: la millor opci\u00f3 per la teva seguretat"},"content":{"rendered":"\n<p>La seguretat a la llar \u00e9s un aspecte que no es pot passar per alt en cap classe d&#8217;habitatge. La nostra llar \u00e9s un lloc on emmagatzemem les nostres pertinences m\u00e9s valuoses i plena d&#8217;experi\u00e8ncies que fan que tingui un alt valor emocional.<\/p>\n\n\n\n<p>\u00c9s per aix\u00f2 que la<a href=\"https:\/\/comparador-alarmas.es\/tipos\/casas\" target=\"_blank\" rel=\"noreferrer noopener\"> <strong>instal\u00b7laci\u00f3 d&#8217;alarmes per a la llar<\/strong> <\/a>s&#8217;ha convertit en la millor alternativa per la seguretat del teu immoble.<\/p>\n\n\n\n<p>Des d<strong>&#8216;<\/strong><a href=\"https:\/\/www.espigul.com\/\" target=\"_blank\" rel=\"noreferrer noopener\"><strong>Esp\u00edgul<\/strong> <\/a>hem preparat un article on et donem a con\u00e8ixer els avantatges d&#8217;aquests sistemes de seguretat i alguns consells per trobar la millor alarma per casa teva. Continua llegint per saber-ne m\u00e9s!<\/p>\n\n\n\n<p><\/p>\n\n\n\n<div class=\"wp-block-uagb-advanced-heading uagb-block-e7fad8b8\"><h3 class=\"uagb-heading-text\">Per qu\u00e8 \u00e9s important la seguretat a la llar?<\/h3><\/div>\n\n\n\n<p>La llar \u00e9s un espai \u00fanic a la vida de qualsevol persona, i per aix\u00f2 es converteixen vulnerable a intrusions i robatori si no es prenen les mesures pertinents. A continuaci\u00f3, et deixem algunes raons per les quals la seguretat \u00e9s un aspecte essencial:<\/p>\n\n\n\n<ul class=\"wp-block-list\">\n<li><strong>Protecci\u00f3 a la fam\u00edlia.<\/strong> Les alarmes per a casa poden ajudar a garantir una major protecci\u00f3 dels teus \u00e9ssers estimats.<\/li>\n\n\n\n<li><strong>Resguard de b\u00e9ns materials.<\/strong><\/li>\n\n\n\n<li><strong>Pau mental i tranquil\u00b7litat.<\/strong><\/li>\n\n\n\n<li><strong>Reducci\u00f3 de costos. <\/strong>Tot i que l&#8217;alarma pugui suposar una inversi\u00f3 inicial, ajuda a reduir els costos relacionats amb robatoris i p\u00e8rdua de propietats.<\/li>\n<\/ul>\n\n\n\n<p><\/p>\n\n\n\n<div class=\"wp-block-uagb-advanced-heading uagb-block-e5061a00\"><h3 class=\"uagb-heading-text\"><strong>S\u00f3n les alarmes per a casa una soluci\u00f3 de seguretat efectiva?<\/strong><\/h3><\/div>\n\n\n\n<p>S\u00ed. De fet, \u00e9s una de les millors alternatives per millorar la seguretat al teu habitatge. Aquests sistemes ofereixen una gran quantitat d&#8217;avantatges, cosa que fa que es converteixin en una elecci\u00f3 efectiva i fiable per protegir tant la teva propietat com els teus \u00e9ssers estimats. Et presentem algunes de les raons per les quals les alarmes s\u00f3n una alternativa intel\u00b7ligent:<\/p>\n\n\n\n<ul class=\"wp-block-list\">\n<li>Detecci\u00f3 primerenca d&#8217;intrusos o qualsevol activitat sospitosa a la propietat de forma primerenca. Aix\u00f2 vol dir que, en cas d&#8217;un intent de robatori, ser\u00e0s alertat immediatament.<\/li>\n\n\n\n<li>Dissuasi\u00f3 de lladres. La pres\u00e8ncia d&#8217;un sistema d&#8217;alarma pot ajudar a dissuadir possibles intrusos.<\/li>\n\n\n\n<li>Connexi\u00f3 amb serveis de monitoratge per aconseguir una resposta imminent en cas d&#8217;una emerg\u00e8ncia.<\/li>\n\n\n\n<li>Notificacions a temps real. Els sistemes d&#8217;alarma moderns es connecten a aplicacions m\u00f2bils que permeten mantenir informat l&#8217;usuari en temps real sobre la situaci\u00f3 de l&#8217;habitatge.<\/li>\n\n\n\n<li>Integraci\u00f3 amb altres sistemes de seguretat. Moltes alarmes poden integrar-se amb altres sistemes de seguretat com: c\u00e0meres de videovigil\u00e0ncia, panys intel\u00b7ligents, detectors de moviment, etc.<\/li>\n<\/ul>\n\n\n\n<p><\/p>\n\n\n\n<div class=\"wp-block-uagb-advanced-heading uagb-block-107e9e43\"><h3 class=\"uagb-heading-text\"><strong>Consells per trobar la millor alarma de seguretat<\/strong><\/h3><\/div>\n\n\n\n<p>Esteu pensant a instal\u00b7lar un sistema d&#8217;alarma a casa? Doncs, el primer pas \u00e9s seleccionar un model d&#8217;alarma. Us deixem una llista de consells que us poden facilitar l&#8217;elecci\u00f3:<\/p>\n\n\n\n<ul class=\"wp-block-list\">\n<li><strong>Avalua les teves necessitat<\/strong>ats. Considera quin tipus de protecci\u00f3 necessita la teva llaren funci\u00f3 de les caracter\u00edstiques del teu habitatge: punts vulnerables, zones exteriors, etc.<\/li>\n\n\n\n<li><strong>Compara prove\u00efdors.<\/strong> \u00c9s important investigar sobre diferents empreses de seguretat i comparar-ne les ofertes.<\/li>\n\n\n\n<li><strong>Llegeix ressenyes i opinions d&#8217;altres usuaris.<\/strong> El que hagin de dir altres clients \u00e9s informaci\u00f3 \u00fatil a l&#8217;hora de prendre una decisi\u00f3 final.<\/li>\n<\/ul>\n\n\n\n<p><\/p>\n\n\n\n<p>Si vols saber m\u00e9s consells i notifiques sobre la llar, et convidem a donar una ullada a la nostra<a href=\"https:\/\/www.espigul.com\/es\/blog\/\" target=\"_blank\" rel=\"noreferrer noopener\"> secci\u00f3 de not\u00edcies<\/a>! <\/p>\n\n\n\n<p><\/p>\n\n\n\n<p><\/p>\n","protected":false},"excerpt":{"rendered":"<p>La seguretat a la llar \u00e9s un aspecte que no es pot passar per alt en cap classe d&#8217;habitatge. La nostra llar \u00e9s un lloc on emmagatzemem les nostres pertinences m\u00e9s valuoses i plena d&#8217;experi\u00e8ncies que fan que tingui un alt valor emocional. \u00c9s per aix\u00f2 que la instal\u00b7laci\u00f3 d&#8217;alarmes per a la llar s&#8217;ha&#8230;<\/p>\n","protected":false},"author":2,"featured_media":27468,"comment_status":"open","ping_status":"open","sticky":false,"template":"","format":"standard","meta":{"_acf_changed":false,"_uag_custom_page_level_css":"","footnotes":""},"categories":[1],"tags":[],"class_list":["post-27467","post","type-post","status-publish","format-standard","has-post-thumbnail","hentry","category-uncategorized-ca"],"acf":[],"yoast_head":"<!-- This site is optimized with the Yoast SEO plugin v27.4 - https:\/\/yoast.com\/product\/yoast-seo-wordpress\/ -->\n<title>Alarmes per la teva llar: la millor opci\u00f3 per la teva seguretat - Esp\u00edgul<\/title>\n<meta name=\"description\" content=\"La instal\u00b7laci\u00f3 alarmes per a la llar \u00e9s la millor alternativa per la seguretat casa. Tot el que has de saber sobre alarmes seguretat llar.\" \/>\n<meta name=\"robots\" content=\"index, follow, max-snippet:-1, max-image-preview:large, max-video-preview:-1\" \/>\n<link rel=\"canonical\" href=\"https:\/\/www.espigul.com\/ca\/alarmes-per-la-teva-llar-la-millor-opcio-per-la-teva-seguretat\/\" \/>\n<meta property=\"og:locale\" content=\"ca_ES\" \/>\n<meta property=\"og:type\" content=\"article\" \/>\n<meta property=\"og:title\" content=\"Alarmes per la teva llar: la millor opci\u00f3 per la teva seguretat - Esp\u00edgul\" \/>\n<meta property=\"og:description\" content=\"La instal\u00b7laci\u00f3 alarmes per a la llar \u00e9s la millor alternativa per la seguretat casa. Tot el que has de saber sobre alarmes seguretat llar.\" \/>\n<meta property=\"og:url\" content=\"https:\/\/www.espigul.com\/ca\/alarmes-per-la-teva-llar-la-millor-opcio-per-la-teva-seguretat\/\" \/>\n<meta property=\"og:site_name\" content=\"Esp\u00edgul\" \/>\n<meta property=\"article:published_time\" content=\"2023-10-05T07:26:00+00:00\" \/>\n<meta property=\"og:image\" content=\"https:\/\/www.espigul.com\/wp-content\/uploads\/2023\/10\/alarmes-seguretat-llar.png\" \/>\n\t<meta property=\"og:image:width\" content=\"840\" \/>\n\t<meta property=\"og:image:height\" content=\"472\" \/>\n\t<meta property=\"og:image:type\" content=\"image\/png\" \/>\n<meta name=\"author\" content=\"Anna Ramon\" \/>\n<meta name=\"twitter:card\" content=\"summary_large_image\" \/>\n<meta name=\"twitter:label1\" content=\"Escrit per\" \/>\n\t<meta name=\"twitter:data1\" content=\"Anna Ramon\" \/>\n\t<meta name=\"twitter:label2\" content=\"Temps estimat de lectura\" \/>\n\t<meta name=\"twitter:data2\" content=\"3 minuts\" \/>\n<script type=\"application\/ld+json\" class=\"yoast-schema-graph\">{\"@context\":\"https:\\\/\\\/schema.org\",\"@graph\":[{\"@type\":\"Article\",\"@id\":\"https:\\\/\\\/www.espigul.com\\\/ca\\\/alarmes-per-la-teva-llar-la-millor-opcio-per-la-teva-seguretat\\\/#article\",\"isPartOf\":{\"@id\":\"https:\\\/\\\/www.espigul.com\\\/ca\\\/alarmes-per-la-teva-llar-la-millor-opcio-per-la-teva-seguretat\\\/\"},\"author\":{\"name\":\"Anna Ramon\",\"@id\":\"https:\\\/\\\/www.espigul.com\\\/ca\\\/#\\\/schema\\\/person\\\/026f41cc06864602b0e783d02ab062ae\"},\"headline\":\"Alarmes per la teva llar: la millor opci\u00f3 per la teva seguretat\",\"datePublished\":\"2023-10-05T07:26:00+00:00\",\"mainEntityOfPage\":{\"@id\":\"https:\\\/\\\/www.espigul.com\\\/ca\\\/alarmes-per-la-teva-llar-la-millor-opcio-per-la-teva-seguretat\\\/\"},\"wordCount\":560,\"commentCount\":0,\"publisher\":{\"@id\":\"https:\\\/\\\/www.espigul.com\\\/ca\\\/#organization\"},\"image\":{\"@id\":\"https:\\\/\\\/www.espigul.com\\\/ca\\\/alarmes-per-la-teva-llar-la-millor-opcio-per-la-teva-seguretat\\\/#primaryimage\"},\"thumbnailUrl\":\"https:\\\/\\\/www.espigul.com\\\/wp-content\\\/uploads\\\/2023\\\/10\\\/alarmes-seguretat-llar.png\",\"articleSection\":[\"Uncategorized @ca\"],\"inLanguage\":\"ca\",\"potentialAction\":[{\"@type\":\"CommentAction\",\"name\":\"Comment\",\"target\":[\"https:\\\/\\\/www.espigul.com\\\/ca\\\/alarmes-per-la-teva-llar-la-millor-opcio-per-la-teva-seguretat\\\/#respond\"]}]},{\"@type\":\"WebPage\",\"@id\":\"https:\\\/\\\/www.espigul.com\\\/ca\\\/alarmes-per-la-teva-llar-la-millor-opcio-per-la-teva-seguretat\\\/\",\"url\":\"https:\\\/\\\/www.espigul.com\\\/ca\\\/alarmes-per-la-teva-llar-la-millor-opcio-per-la-teva-seguretat\\\/\",\"name\":\"Alarmes per la teva llar: la millor opci\u00f3 per la teva seguretat - Esp\u00edgul\",\"isPartOf\":{\"@id\":\"https:\\\/\\\/www.espigul.com\\\/ca\\\/#website\"},\"primaryImageOfPage\":{\"@id\":\"https:\\\/\\\/www.espigul.com\\\/ca\\\/alarmes-per-la-teva-llar-la-millor-opcio-per-la-teva-seguretat\\\/#primaryimage\"},\"image\":{\"@id\":\"https:\\\/\\\/www.espigul.com\\\/ca\\\/alarmes-per-la-teva-llar-la-millor-opcio-per-la-teva-seguretat\\\/#primaryimage\"},\"thumbnailUrl\":\"https:\\\/\\\/www.espigul.com\\\/wp-content\\\/uploads\\\/2023\\\/10\\\/alarmes-seguretat-llar.png\",\"datePublished\":\"2023-10-05T07:26:00+00:00\",\"description\":\"La instal\u00b7laci\u00f3 alarmes per a la llar \u00e9s la millor alternativa per la seguretat casa. Tot el que has de saber sobre alarmes seguretat llar.\",\"breadcrumb\":{\"@id\":\"https:\\\/\\\/www.espigul.com\\\/ca\\\/alarmes-per-la-teva-llar-la-millor-opcio-per-la-teva-seguretat\\\/#breadcrumb\"},\"inLanguage\":\"ca\",\"potentialAction\":[{\"@type\":\"ReadAction\",\"target\":[\"https:\\\/\\\/www.espigul.com\\\/ca\\\/alarmes-per-la-teva-llar-la-millor-opcio-per-la-teva-seguretat\\\/\"]}]},{\"@type\":\"ImageObject\",\"inLanguage\":\"ca\",\"@id\":\"https:\\\/\\\/www.espigul.com\\\/ca\\\/alarmes-per-la-teva-llar-la-millor-opcio-per-la-teva-seguretat\\\/#primaryimage\",\"url\":\"https:\\\/\\\/www.espigul.com\\\/wp-content\\\/uploads\\\/2023\\\/10\\\/alarmes-seguretat-llar.png\",\"contentUrl\":\"https:\\\/\\\/www.espigul.com\\\/wp-content\\\/uploads\\\/2023\\\/10\\\/alarmes-seguretat-llar.png\",\"width\":840,\"height\":472,\"caption\":\"-llar\"},{\"@type\":\"BreadcrumbList\",\"@id\":\"https:\\\/\\\/www.espigul.com\\\/ca\\\/alarmes-per-la-teva-llar-la-millor-opcio-per-la-teva-seguretat\\\/#breadcrumb\",\"itemListElement\":[{\"@type\":\"ListItem\",\"position\":1,\"name\":\"Inici\",\"item\":\"https:\\\/\\\/www.espigul.com\\\/ca\\\/\"},{\"@type\":\"ListItem\",\"position\":2,\"name\":\"Alarmes per la teva llar: la millor opci\u00f3 per la teva seguretat\"}]},{\"@type\":\"WebSite\",\"@id\":\"https:\\\/\\\/www.espigul.com\\\/ca\\\/#website\",\"url\":\"https:\\\/\\\/www.espigul.com\\\/ca\\\/\",\"name\":\"Esp\u00edgul\",\"description\":\"La immobili\u00e0ria l\u00edder de Girona\",\"publisher\":{\"@id\":\"https:\\\/\\\/www.espigul.com\\\/ca\\\/#organization\"},\"potentialAction\":[{\"@type\":\"SearchAction\",\"target\":{\"@type\":\"EntryPoint\",\"urlTemplate\":\"https:\\\/\\\/www.espigul.com\\\/ca\\\/?s={search_term_string}\"},\"query-input\":{\"@type\":\"PropertyValueSpecification\",\"valueRequired\":true,\"valueName\":\"search_term_string\"}}],\"inLanguage\":\"ca\"},{\"@type\":\"Organization\",\"@id\":\"https:\\\/\\\/www.espigul.com\\\/ca\\\/#organization\",\"name\":\"Esp\u00edgul\",\"url\":\"https:\\\/\\\/www.espigul.com\\\/ca\\\/\",\"logo\":{\"@type\":\"ImageObject\",\"inLanguage\":\"ca\",\"@id\":\"https:\\\/\\\/www.espigul.com\\\/ca\\\/#\\\/schema\\\/logo\\\/image\\\/\",\"url\":\"https:\\\/\\\/www.espigul.com\\\/wp-content\\\/uploads\\\/2023\\\/08\\\/espigul-block.png\",\"contentUrl\":\"https:\\\/\\\/www.espigul.com\\\/wp-content\\\/uploads\\\/2023\\\/08\\\/espigul-block.png\",\"width\":384,\"height\":240,\"caption\":\"Esp\u00edgul\"},\"image\":{\"@id\":\"https:\\\/\\\/www.espigul.com\\\/ca\\\/#\\\/schema\\\/logo\\\/image\\\/\"},\"sameAs\":[\"https:\\\/\\\/www.instagram.com\\\/immoespigul\\\/\",\"https:\\\/\\\/www.youtube.com\\\/channel\\\/UCYyD-WWfbCFpCXau4SQOGKQ\"]},{\"@type\":\"Person\",\"@id\":\"https:\\\/\\\/www.espigul.com\\\/ca\\\/#\\\/schema\\\/person\\\/026f41cc06864602b0e783d02ab062ae\",\"name\":\"Anna Ramon\",\"image\":{\"@type\":\"ImageObject\",\"inLanguage\":\"ca\",\"@id\":\"https:\\\/\\\/secure.gravatar.com\\\/avatar\\\/e19426ec089181210e4f9cbf6d7cf0188c3723b77ec594954b355eb363d324aa?s=96&d=mm&r=g\",\"url\":\"https:\\\/\\\/secure.gravatar.com\\\/avatar\\\/e19426ec089181210e4f9cbf6d7cf0188c3723b77ec594954b355eb363d324aa?s=96&d=mm&r=g\",\"contentUrl\":\"https:\\\/\\\/secure.gravatar.com\\\/avatar\\\/e19426ec089181210e4f9cbf6d7cf0188c3723b77ec594954b355eb363d324aa?s=96&d=mm&r=g\",\"caption\":\"Anna Ramon\"}}]}<\/script>\n<!-- \/ Yoast SEO plugin. -->","yoast_head_json":{"title":"Alarmes per la teva llar: la millor opci\u00f3 per la teva seguretat - Esp\u00edgul","description":"La instal\u00b7laci\u00f3 alarmes per a la llar \u00e9s la millor alternativa per la seguretat casa. Tot el que has de saber sobre alarmes seguretat llar.","robots":{"index":"index","follow":"follow","max-snippet":"max-snippet:-1","max-image-preview":"max-image-preview:large","max-video-preview":"max-video-preview:-1"},"canonical":"https:\/\/www.espigul.com\/ca\/alarmes-per-la-teva-llar-la-millor-opcio-per-la-teva-seguretat\/","og_locale":"ca_ES","og_type":"article","og_title":"Alarmes per la teva llar: la millor opci\u00f3 per la teva seguretat - Esp\u00edgul","og_description":"La instal\u00b7laci\u00f3 alarmes per a la llar \u00e9s la millor alternativa per la seguretat casa. Tot el que has de saber sobre alarmes seguretat llar.","og_url":"https:\/\/www.espigul.com\/ca\/alarmes-per-la-teva-llar-la-millor-opcio-per-la-teva-seguretat\/","og_site_name":"Esp\u00edgul","article_published_time":"2023-10-05T07:26:00+00:00","og_image":[{"width":840,"height":472,"url":"https:\/\/www.espigul.com\/wp-content\/uploads\/2023\/10\/alarmes-seguretat-llar.png","type":"image\/png"}],"author":"Anna Ramon","twitter_card":"summary_large_image","twitter_misc":{"Escrit per":"Anna Ramon","Temps estimat de lectura":"3 minuts"},"schema":{"@context":"https:\/\/schema.org","@graph":[{"@type":"Article","@id":"https:\/\/www.espigul.com\/ca\/alarmes-per-la-teva-llar-la-millor-opcio-per-la-teva-seguretat\/#article","isPartOf":{"@id":"https:\/\/www.espigul.com\/ca\/alarmes-per-la-teva-llar-la-millor-opcio-per-la-teva-seguretat\/"},"author":{"name":"Anna Ramon","@id":"https:\/\/www.espigul.com\/ca\/#\/schema\/person\/026f41cc06864602b0e783d02ab062ae"},"headline":"Alarmes per la teva llar: la millor opci\u00f3 per la teva seguretat","datePublished":"2023-10-05T07:26:00+00:00","mainEntityOfPage":{"@id":"https:\/\/www.espigul.com\/ca\/alarmes-per-la-teva-llar-la-millor-opcio-per-la-teva-seguretat\/"},"wordCount":560,"commentCount":0,"publisher":{"@id":"https:\/\/www.espigul.com\/ca\/#organization"},"image":{"@id":"https:\/\/www.espigul.com\/ca\/alarmes-per-la-teva-llar-la-millor-opcio-per-la-teva-seguretat\/#primaryimage"},"thumbnailUrl":"https:\/\/www.espigul.com\/wp-content\/uploads\/2023\/10\/alarmes-seguretat-llar.png","articleSection":["Uncategorized @ca"],"inLanguage":"ca","potentialAction":[{"@type":"CommentAction","name":"Comment","target":["https:\/\/www.espigul.com\/ca\/alarmes-per-la-teva-llar-la-millor-opcio-per-la-teva-seguretat\/#respond"]}]},{"@type":"WebPage","@id":"https:\/\/www.espigul.com\/ca\/alarmes-per-la-teva-llar-la-millor-opcio-per-la-teva-seguretat\/","url":"https:\/\/www.espigul.com\/ca\/alarmes-per-la-teva-llar-la-millor-opcio-per-la-teva-seguretat\/","name":"Alarmes per la teva llar: la millor opci\u00f3 per la teva seguretat - Esp\u00edgul","isPartOf":{"@id":"https:\/\/www.espigul.com\/ca\/#website"},"primaryImageOfPage":{"@id":"https:\/\/www.espigul.com\/ca\/alarmes-per-la-teva-llar-la-millor-opcio-per-la-teva-seguretat\/#primaryimage"},"image":{"@id":"https:\/\/www.espigul.com\/ca\/alarmes-per-la-teva-llar-la-millor-opcio-per-la-teva-seguretat\/#primaryimage"},"thumbnailUrl":"https:\/\/www.espigul.com\/wp-content\/uploads\/2023\/10\/alarmes-seguretat-llar.png","datePublished":"2023-10-05T07:26:00+00:00","description":"La instal\u00b7laci\u00f3 alarmes per a la llar \u00e9s la millor alternativa per la seguretat casa. Tot el que has de saber sobre alarmes seguretat llar.","breadcrumb":{"@id":"https:\/\/www.espigul.com\/ca\/alarmes-per-la-teva-llar-la-millor-opcio-per-la-teva-seguretat\/#breadcrumb"},"inLanguage":"ca","potentialAction":[{"@type":"ReadAction","target":["https:\/\/www.espigul.com\/ca\/alarmes-per-la-teva-llar-la-millor-opcio-per-la-teva-seguretat\/"]}]},{"@type":"ImageObject","inLanguage":"ca","@id":"https:\/\/www.espigul.com\/ca\/alarmes-per-la-teva-llar-la-millor-opcio-per-la-teva-seguretat\/#primaryimage","url":"https:\/\/www.espigul.com\/wp-content\/uploads\/2023\/10\/alarmes-seguretat-llar.png","contentUrl":"https:\/\/www.espigul.com\/wp-content\/uploads\/2023\/10\/alarmes-seguretat-llar.png","width":840,"height":472,"caption":"-llar"},{"@type":"BreadcrumbList","@id":"https:\/\/www.espigul.com\/ca\/alarmes-per-la-teva-llar-la-millor-opcio-per-la-teva-seguretat\/#breadcrumb","itemListElement":[{"@type":"ListItem","position":1,"name":"Inici","item":"https:\/\/www.espigul.com\/ca\/"},{"@type":"ListItem","position":2,"name":"Alarmes per la teva llar: la millor opci\u00f3 per la teva seguretat"}]},{"@type":"WebSite","@id":"https:\/\/www.espigul.com\/ca\/#website","url":"https:\/\/www.espigul.com\/ca\/","name":"Esp\u00edgul","description":"La immobili\u00e0ria l\u00edder de Girona","publisher":{"@id":"https:\/\/www.espigul.com\/ca\/#organization"},"potentialAction":[{"@type":"SearchAction","target":{"@type":"EntryPoint","urlTemplate":"https:\/\/www.espigul.com\/ca\/?s={search_term_string}"},"query-input":{"@type":"PropertyValueSpecification","valueRequired":true,"valueName":"search_term_string"}}],"inLanguage":"ca"},{"@type":"Organization","@id":"https:\/\/www.espigul.com\/ca\/#organization","name":"Esp\u00edgul","url":"https:\/\/www.espigul.com\/ca\/","logo":{"@type":"ImageObject","inLanguage":"ca","@id":"https:\/\/www.espigul.com\/ca\/#\/schema\/logo\/image\/","url":"https:\/\/www.espigul.com\/wp-content\/uploads\/2023\/08\/espigul-block.png","contentUrl":"https:\/\/www.espigul.com\/wp-content\/uploads\/2023\/08\/espigul-block.png","width":384,"height":240,"caption":"Esp\u00edgul"},"image":{"@id":"https:\/\/www.espigul.com\/ca\/#\/schema\/logo\/image\/"},"sameAs":["https:\/\/www.instagram.com\/immoespigul\/","https:\/\/www.youtube.com\/channel\/UCYyD-WWfbCFpCXau4SQOGKQ"]},{"@type":"Person","@id":"https:\/\/www.espigul.com\/ca\/#\/schema\/person\/026f41cc06864602b0e783d02ab062ae","name":"Anna Ramon","image":{"@type":"ImageObject","inLanguage":"ca","@id":"https:\/\/secure.gravatar.com\/avatar\/e19426ec089181210e4f9cbf6d7cf0188c3723b77ec594954b355eb363d324aa?s=96&d=mm&r=g","url":"https:\/\/secure.gravatar.com\/avatar\/e19426ec089181210e4f9cbf6d7cf0188c3723b77ec594954b355eb363d324aa?s=96&d=mm&r=g","contentUrl":"https:\/\/secure.gravatar.com\/avatar\/e19426ec089181210e4f9cbf6d7cf0188c3723b77ec594954b355eb363d324aa?s=96&d=mm&r=g","caption":"Anna Ramon"}}]}},"uagb_featured_image_src":{"full":["https:\/\/www.espigul.com\/wp-content\/uploads\/2023\/10\/alarmes-seguretat-llar.png",840,472,false],"thumbnail":["https:\/\/www.espigul.com\/wp-content\/uploads\/2023\/10\/alarmes-seguretat-llar-150x150.png",150,150,true],"medium":["https:\/\/www.espigul.com\/wp-content\/uploads\/2023\/10\/alarmes-seguretat-llar-400x225.png",400,225,true],"medium_large":["https:\/\/www.espigul.com\/wp-content\/uploads\/2023\/10\/alarmes-seguretat-llar-768x432.png",768,432,true],"large":["https:\/\/www.espigul.com\/wp-content\/uploads\/2023\/10\/alarmes-seguretat-llar.png",840,472,false],"1536x1536":["https:\/\/www.espigul.com\/wp-content\/uploads\/2023\/10\/alarmes-seguretat-llar.png",840,472,false],"2048x2048":["https:\/\/www.espigul.com\/wp-content\/uploads\/2023\/10\/alarmes-seguretat-llar.png",840,472,false],"gform-image-choice-sm":["https:\/\/www.espigul.com\/wp-content\/uploads\/2023\/10\/alarmes-seguretat-llar.png",300,169,false],"gform-image-choice-md":["https:\/\/www.espigul.com\/wp-content\/uploads\/2023\/10\/alarmes-seguretat-llar.png",400,225,false],"gform-image-choice-lg":["https:\/\/www.espigul.com\/wp-content\/uploads\/2023\/10\/alarmes-seguretat-llar.png",600,337,false]},"uagb_author_info":{"display_name":"Anna Ramon","author_link":"https:\/\/www.espigul.com\/ca\/author\/anna-ramon\/"},"uagb_comment_info":0,"uagb_excerpt":"La seguretat a la llar \u00e9s un aspecte que no es pot passar per alt en cap classe d&#8217;habitatge. La nostra llar \u00e9s un lloc on emmagatzemem les nostres pertinences m\u00e9s valuoses i plena d&#8217;experi\u00e8ncies que fan que tingui un alt valor emocional. \u00c9s per aix\u00f2 que la instal\u00b7laci\u00f3 d&#8217;alarmes per a la llar s&#8217;ha...","_links":{"self":[{"href":"https:\/\/www.espigul.com\/ca\/wp-json\/wp\/v2\/posts\/27467","targetHints":{"allow":["GET"]}}],"collection":[{"href":"https:\/\/www.espigul.com\/ca\/wp-json\/wp\/v2\/posts"}],"about":[{"href":"https:\/\/www.espigul.com\/ca\/wp-json\/wp\/v2\/types\/post"}],"author":[{"embeddable":true,"href":"https:\/\/www.espigul.com\/ca\/wp-json\/wp\/v2\/users\/2"}],"replies":[{"embeddable":true,"href":"https:\/\/www.espigul.com\/ca\/wp-json\/wp\/v2\/comments?post=27467"}],"version-history":[{"count":1,"href":"https:\/\/www.espigul.com\/ca\/wp-json\/wp\/v2\/posts\/27467\/revisions"}],"predecessor-version":[{"id":27474,"href":"https:\/\/www.espigul.com\/ca\/wp-json\/wp\/v2\/posts\/27467\/revisions\/27474"}],"wp:featuredmedia":[{"embeddable":true,"href":"https:\/\/www.espigul.com\/ca\/wp-json\/wp\/v2\/media\/27468"}],"wp:attachment":[{"href":"https:\/\/www.espigul.com\/ca\/wp-json\/wp\/v2\/media?parent=27467"}],"wp:term":[{"taxonomy":"category","embeddable":true,"href":"https:\/\/www.espigul.com\/ca\/wp-json\/wp\/v2\/categories?post=27467"},{"taxonomy":"post_tag","embeddable":true,"href":"https:\/\/www.espigul.com\/ca\/wp-json\/wp\/v2\/tags?post=27467"}],"curies":[{"name":"wp","href":"https:\/\/api.w.org\/{rel}","templated":true}]}}